{"id":81606,"date":"2020-09-30T14:06:08","date_gmt":"2020-09-30T17:06:08","guid":{"rendered":"https:\/\/eldiariodesanpedro.com.ar\/sitio\/?p=81606"},"modified":"2020-09-30T14:06:13","modified_gmt":"2020-09-30T17:06:13","slug":"edicto-de-sepulcro-en-baradero-de-susana-noemi-agolino","status":"publish","type":"post","link":"https:\/\/eldiariodesanpedro.com.ar\/sitio\/edicto-de-sepulcro-en-baradero-de-susana-noemi-agolino\/","title":{"rendered":"Edicto de Sepulcro en Baradero de Susana Noemi Agolino"},"content":{"rendered":"<!-- VideographyWP Plugin Message: Automatic video embedding prevented by plugin options. -->\n\n<p>La MUNICIPALIDAD DE BARADERO cita y emplaza por treinta (30) d\u00edas a quienes se consideren con derecho sobre la tierra B\/nivel ubicada en la Secci\u00f3n G \u2013 Tabl\u00f3n 6 &#8211; Lote 29 que fuera arrendada por Susana Noemi Agolino el d\u00eda 16 de enero de 2009, por cinco (5) a\u00f1os, seg\u00fan Libro 19 &#8211; Folio 73 &#8211; Cuenta 1900006792 y tierra B\/nivel ubicada en la Secci\u00f3n\u00a0\u00a0G \u2013 Tabl\u00f3n 8 &#8211; Lote 19 que fuera arrendada por Susana Noemi Agolino el d\u00eda 14 de\u00a0 septiembre de 2016, por cinco (5) a\u00f1os, seg\u00fan Libro 20 &#8211; Folio 173 &#8211; Cuenta 1900007266 del Cementerio local.- Baradero, 30 de septiembre de 2020.-<\/p>\n\n\n\n<p>Dr. Nestor German Braillard<br>Sub Secretario de Legal y T\u00e9cnica<\/p>\n","protected":false},"excerpt":{"rendered":"<p>La MUNICIPALIDAD DE BARADERO cita y emplaza por treinta (30) d\u00edas a quienes se consideren con derecho sobre la tierra B\/nivel ubicada en la Secci\u00f3n G \u2013 Tabl\u00f3n 6 &#8211; Lote 29 que fuera arrendada por Susana Noemi Agolino el d\u00eda 16 de enero de 2009, por cinco (5) a\u00f1os, seg\u00fan Libro 19 &#8211; Folio [&hellip;]<\/p>\n","protected":false},"author":4,"featured_media":81342,"comment_status":"open","ping_status":"closed","sticky":false,"template":"","format":"standard","meta":{"om_disable_all_campaigns":false,"_jetpack_memberships_contains_paid_content":false,"footnotes":""},"categories":[676,1124],"tags":[139,197,597,1355,1811],"class_list":["post-81606","post","type-post","status-publish","format-standard","has-post-thumbnail","hentry","category-edictos","category-edictos-especiales","tag-baradero","tag-buenos-aires","tag-cementerio","tag-judiciales","tag-susana-noemi-agolino"],"aioseo_notices":[],"gutentor_comment":0,"jetpack_featured_media_url":"https:\/\/eldiariodesanpedro.com.ar\/sitio\/wp-content\/uploads\/2020\/09\/Poder-Judicial-1.jpg","jetpack_shortlink":"https:\/\/wp.me\/p6RhLt-lee","jetpack_sharing_enabled":true,"_links":{"self":[{"href":"https:\/\/eldiariodesanpedro.com.ar\/sitio\/wp-json\/wp\/v2\/posts\/81606","targetHints":{"allow":["GET"]}}],"collection":[{"href":"https:\/\/eldiariodesanpedro.com.ar\/sitio\/wp-json\/wp\/v2\/posts"}],"about":[{"href":"https:\/\/eldiariodesanpedro.com.ar\/sitio\/wp-json\/wp\/v2\/types\/post"}],"author":[{"embeddable":true,"href":"https:\/\/eldiariodesanpedro.com.ar\/sitio\/wp-json\/wp\/v2\/users\/4"}],"replies":[{"embeddable":true,"href":"https:\/\/eldiariodesanpedro.com.ar\/sitio\/wp-json\/wp\/v2\/comments?post=81606"}],"version-history":[{"count":1,"href":"https:\/\/eldiariodesanpedro.com.ar\/sitio\/wp-json\/wp\/v2\/posts\/81606\/revisions"}],"predecessor-version":[{"id":81607,"href":"https:\/\/eldiariodesanpedro.com.ar\/sitio\/wp-json\/wp\/v2\/posts\/81606\/revisions\/81607"}],"wp:featuredmedia":[{"embeddable":true,"href":"https:\/\/eldiariodesanpedro.com.ar\/sitio\/wp-json\/wp\/v2\/media\/81342"}],"wp:attachment":[{"href":"https:\/\/eldiariodesanpedro.com.ar\/sitio\/wp-json\/wp\/v2\/media?parent=81606"}],"wp:term":[{"taxonomy":"category","embeddable":true,"href":"https:\/\/eldiariodesanpedro.com.ar\/sitio\/wp-json\/wp\/v2\/categories?post=81606"},{"taxonomy":"post_tag","embeddable":true,"href":"https:\/\/eldiariodesanpedro.com.ar\/sitio\/wp-json\/wp\/v2\/tags?post=81606"}],"curies":[{"name":"wp","href":"https:\/\/api.w.org\/{rel}","templated":true}]}}