{"id":81602,"date":"2020-09-30T12:05:28","date_gmt":"2020-09-30T15:05:28","guid":{"rendered":"https:\/\/eldiariodesanpedro.com.ar\/sitio\/?p=81602"},"modified":"2020-09-30T12:49:53","modified_gmt":"2020-09-30T15:49:53","slug":"el-ejecutivo-se-reunira-con-los-propietarios-de-gimnasios-y-otras-actividades-fisicas","status":"publish","type":"post","link":"https:\/\/eldiariodesanpedro.com.ar\/sitio\/el-ejecutivo-se-reunira-con-los-propietarios-de-gimnasios-y-otras-actividades-fisicas\/","title":{"rendered":"El ejecutivo se reunir\u00e1 con los propietarios de gimnasios y otras actividades f\u00edsicas"},"content":{"rendered":"<!-- VideographyWP Plugin Message: Automatic video embedding prevented by plugin options. -->\n\n<p>En la jornada de hoy un grupo de propietarios de gimnasios y profesores de diferentes actividades organizaron una manifestaci\u00f3n para realizar frente al municipio solicitando la apertura de los lugares de entrenamiento con un protocolo determinado pero el Secretario de Gobierno Silvio Corti se comunic\u00f3 con ellos para convenir una reuni\u00f3n para este jueves a las 11 hs con algunos representantes del sector para dialogar sobre el problema que est\u00e1n transcurriendo.<\/p>\n\n\n\n<p>Recordemos que los gimnasios se encuentran cerrados desde hace 6 meses y no tuvieron la oportunidad de abrir como en grandes ciudades como Rosario, o otras del interior y localidades del conurbano que con un estricto protocolo si se logr\u00f3 la apertura.<\/p>\n\n\n\n<p>San Pedro y la regi\u00f3n a\u00fan no han podido alcanzar la apertura por encontrarse a\u00fan en fase 4 y la apertura reci\u00e9n estar\u00eda prevista para la fase 5,  los gimnasios hab\u00edan presentado a un protocolo que ya fue presentado meses atr\u00e1s.<\/p>\n","protected":false},"excerpt":{"rendered":"<p>En la jornada de hoy un grupo de propietarios de gimnasios y profesores de diferentes actividades organizaron una manifestaci\u00f3n para realizar frente al municipio solicitando la apertura de los lugares de entrenamiento con un protocolo determinado pero el Secretario de Gobierno Silvio Corti se comunic\u00f3 con ellos para convenir una reuni\u00f3n para este jueves a [&hellip;]<\/p>\n","protected":false},"author":4,"featured_media":81603,"comment_status":"open","ping_status":"closed","sticky":false,"template":"","format":"standard","meta":{"om_disable_all_campaigns":false,"_jetpack_memberships_contains_paid_content":false,"footnotes":""},"categories":[50,101,2],"tags":[197,696,33],"class_list":["post-81602","post","type-post","status-publish","format-standard","has-post-thumbnail","hentry","category-destacadas","category-interes-general-locales","category-locales","tag-buenos-aires","tag-interes-general","tag-locales"],"aioseo_notices":[],"gutentor_comment":0,"jetpack_featured_media_url":"https:\/\/eldiariodesanpedro.com.ar\/sitio\/wp-content\/uploads\/2020\/09\/unnamed-5.jpg","jetpack_shortlink":"https:\/\/wp.me\/p6RhLt-lea","jetpack_sharing_enabled":true,"_links":{"self":[{"href":"https:\/\/eldiariodesanpedro.com.ar\/sitio\/wp-json\/wp\/v2\/posts\/81602","targetHints":{"allow":["GET"]}}],"collection":[{"href":"https:\/\/eldiariodesanpedro.com.ar\/sitio\/wp-json\/wp\/v2\/posts"}],"about":[{"href":"https:\/\/eldiariodesanpedro.com.ar\/sitio\/wp-json\/wp\/v2\/types\/post"}],"author":[{"embeddable":true,"href":"https:\/\/eldiariodesanpedro.com.ar\/sitio\/wp-json\/wp\/v2\/users\/4"}],"replies":[{"embeddable":true,"href":"https:\/\/eldiariodesanpedro.com.ar\/sitio\/wp-json\/wp\/v2\/comments?post=81602"}],"version-history":[{"count":2,"href":"https:\/\/eldiariodesanpedro.com.ar\/sitio\/wp-json\/wp\/v2\/posts\/81602\/revisions"}],"predecessor-version":[{"id":81605,"href":"https:\/\/eldiariodesanpedro.com.ar\/sitio\/wp-json\/wp\/v2\/posts\/81602\/revisions\/81605"}],"wp:featuredmedia":[{"embeddable":true,"href":"https:\/\/eldiariodesanpedro.com.ar\/sitio\/wp-json\/wp\/v2\/media\/81603"}],"wp:attachment":[{"href":"https:\/\/eldiariodesanpedro.com.ar\/sitio\/wp-json\/wp\/v2\/media?parent=81602"}],"wp:term":[{"taxonomy":"category","embeddable":true,"href":"https:\/\/eldiariodesanpedro.com.ar\/sitio\/wp-json\/wp\/v2\/categories?post=81602"},{"taxonomy":"post_tag","embeddable":true,"href":"https:\/\/eldiariodesanpedro.com.ar\/sitio\/wp-json\/wp\/v2\/tags?post=81602"}],"curies":[{"name":"wp","href":"https:\/\/api.w.org\/{rel}","templated":true}]}}