{"id":81559,"date":"2020-09-29T11:43:59","date_gmt":"2020-09-29T14:43:59","guid":{"rendered":"https:\/\/eldiariodesanpedro.com.ar\/sitio\/?p=81559"},"modified":"2020-09-29T11:44:03","modified_gmt":"2020-09-29T14:44:03","slug":"la-cooperadora-entrego-equipamiento-para-el-tratamiento-de-enfermedades-respiratorias","status":"publish","type":"post","link":"https:\/\/eldiariodesanpedro.com.ar\/sitio\/la-cooperadora-entrego-equipamiento-para-el-tratamiento-de-enfermedades-respiratorias\/","title":{"rendered":"La Cooperadora entreg\u00f3 equipamiento para el tratamiento de enfermedades respiratorias"},"content":{"rendered":"<!-- VideographyWP Plugin Message: Automatic video embedding prevented by plugin options. -->\n\n<p>La Cooperadora del Hospital Emilio Ruffa hizo entrega esta ma\u00f1ana de una nueva compra de equipamiento adquirida con los fondos que re\u00fanen gracias al trabajo constante que realizan para apoyar al nosocomio y con el apoyo de vecinos que realizan su aporte.<\/p>\n\n\n\n<p>En el acto estuvieron presentes el Dr. Javier Sualdea, Director del Hospital, la Dra. Ver\u00f3nica Macagno, Jefa de UTI, Silvio Jaime, Administrador del Hospital, Mirta Borrell, Presidenta de la Cooperadora e integrantes de la misma.<\/p>\n\n\n\n<p>Se recibieron hoy cuatro kits de m\u00e1scaras Helmet para realizar ventilaci\u00f3n no invasiva, un procedimiento que ha mostrado excelentes resultados a nivel mundial en el tratamiento de pacientes con algunas de las patolog\u00edas respiratorias que se agravan ante la presencia del Covid-19.<\/p>\n\n\n\n<p>Estos elementos permiten un tratamiento sin requerir intubaci\u00f3n o conexi\u00f3n a asistencia mec\u00e1nica, evitan la aerosolizaci\u00f3n y protegen tambi\u00e9n al personal de salud.<\/p>\n\n\n\n<p>Se trata sin dudas de una adquisici\u00f3n oportuna para poder seguir brindando la atenci\u00f3n que esta emergencia sanitaria requiere. Una vez m\u00e1s, desde el Hospital y desde toda la comunidad, expresamos el agradecimiento a la Cooperadora y a todos los que colaboran con ellos.<\/p>\n\n\n\n<figure class=\"wp-block-image size-large\"><img decoding=\"async\" width=\"1024\" height=\"710\" data-attachment-id=\"81560\" data-permalink=\"https:\/\/eldiariodesanpedro.com.ar\/sitio\/la-cooperadora-entrego-equipamiento-para-el-tratamiento-de-enfermedades-respiratorias\/120504686_364392254701305_1833240152499952402_n\/\" data-orig-file=\"https:\/\/eldiariodesanpedro.com.ar\/sitio\/wp-content\/uploads\/2020\/09\/120504686_364392254701305_1833240152499952402_n-scaled.jpg\" data-orig-size=\"2560,1775\" data-comments-opened=\"1\" data-image-meta=\"{&quot;aperture&quot;:&quot;0&quot;,&quot;credit&quot;:&quot;&quot;,&quot;camera&quot;:&quot;&quot;,&quot;caption&quot;:&quot;&quot;,&quot;created_timestamp&quot;:&quot;0&quot;,&quot;copyright&quot;:&quot;&quot;,&quot;focal_length&quot;:&quot;0&quot;,&quot;iso&quot;:&quot;0&quot;,&quot;shutter_speed&quot;:&quot;0&quot;,&quot;title&quot;:&quot;&quot;,&quot;orientation&quot;:&quot;0&quot;}\" data-image-title=\"120504686_364392254701305_1833240152499952402_n\" data-image-description=\"\" data-image-caption=\"\" data-large-file=\"https:\/\/eldiariodesanpedro.com.ar\/sitio\/wp-content\/uploads\/2020\/09\/120504686_364392254701305_1833240152499952402_n-1024x710.jpg\" data-src=\"https:\/\/eldiariodesanpedro.com.ar\/sitio\/wp-content\/uploads\/2020\/09\/120504686_364392254701305_1833240152499952402_n-1024x710.jpg\" alt=\"\" class=\"wp-image-81560 lazyload\" data-srcset=\"https:\/\/eldiariodesanpedro.com.ar\/sitio\/wp-content\/uploads\/2020\/09\/120504686_364392254701305_1833240152499952402_n-1024x710.jpg 1024w, https:\/\/eldiariodesanpedro.com.ar\/sitio\/wp-content\/uploads\/2020\/09\/120504686_364392254701305_1833240152499952402_n-300x208.jpg 300w, https:\/\/eldiariodesanpedro.com.ar\/sitio\/wp-content\/uploads\/2020\/09\/120504686_364392254701305_1833240152499952402_n-768x533.jpg 768w, https:\/\/eldiariodesanpedro.com.ar\/sitio\/wp-content\/uploads\/2020\/09\/120504686_364392254701305_1833240152499952402_n-1536x1065.jpg 1536w, https:\/\/eldiariodesanpedro.com.ar\/sitio\/wp-content\/uploads\/2020\/09\/120504686_364392254701305_1833240152499952402_n-2048x1420.jpg 2048w\" data-sizes=\"(max-width: 1024px) 100vw, 1024px\" src=\"data:image\/svg+xml;base64,PHN2ZyB3aWR0aD0iMSIgaGVpZ2h0PSIxIiB4bWxucz0iaHR0cDovL3d3dy53My5vcmcvMjAwMC9zdmciPjwvc3ZnPg==\" style=\"--smush-placeholder-width: 1024px; --smush-placeholder-aspect-ratio: 1024\/710;\" \/><\/figure>\n\n\n\n<figure class=\"wp-block-image size-large\"><img decoding=\"async\" width=\"1024\" height=\"647\" data-attachment-id=\"81561\" data-permalink=\"https:\/\/eldiariodesanpedro.com.ar\/sitio\/la-cooperadora-entrego-equipamiento-para-el-tratamiento-de-enfermedades-respiratorias\/120427566_767540547421559_7279629817250637695_n\/\" data-orig-file=\"https:\/\/eldiariodesanpedro.com.ar\/sitio\/wp-content\/uploads\/2020\/09\/120427566_767540547421559_7279629817250637695_n-scaled.jpg\" data-orig-size=\"2560,1616\" data-comments-opened=\"1\" data-image-meta=\"{&quot;aperture&quot;:&quot;0&quot;,&quot;credit&quot;:&quot;&quot;,&quot;camera&quot;:&quot;&quot;,&quot;caption&quot;:&quot;&quot;,&quot;created_timestamp&quot;:&quot;0&quot;,&quot;copyright&quot;:&quot;&quot;,&quot;focal_length&quot;:&quot;0&quot;,&quot;iso&quot;:&quot;0&quot;,&quot;shutter_speed&quot;:&quot;0&quot;,&quot;title&quot;:&quot;&quot;,&quot;orientation&quot;:&quot;0&quot;}\" data-image-title=\"120427566_767540547421559_7279629817250637695_n\" data-image-description=\"\" data-image-caption=\"\" data-large-file=\"https:\/\/eldiariodesanpedro.com.ar\/sitio\/wp-content\/uploads\/2020\/09\/120427566_767540547421559_7279629817250637695_n-1024x647.jpg\" data-src=\"https:\/\/eldiariodesanpedro.com.ar\/sitio\/wp-content\/uploads\/2020\/09\/120427566_767540547421559_7279629817250637695_n-1024x647.jpg\" alt=\"\" class=\"wp-image-81561 lazyload\" data-srcset=\"https:\/\/eldiariodesanpedro.com.ar\/sitio\/wp-content\/uploads\/2020\/09\/120427566_767540547421559_7279629817250637695_n-1024x647.jpg 1024w, https:\/\/eldiariodesanpedro.com.ar\/sitio\/wp-content\/uploads\/2020\/09\/120427566_767540547421559_7279629817250637695_n-300x189.jpg 300w, https:\/\/eldiariodesanpedro.com.ar\/sitio\/wp-content\/uploads\/2020\/09\/120427566_767540547421559_7279629817250637695_n-768x485.jpg 768w, https:\/\/eldiariodesanpedro.com.ar\/sitio\/wp-content\/uploads\/2020\/09\/120427566_767540547421559_7279629817250637695_n-1536x970.jpg 1536w, https:\/\/eldiariodesanpedro.com.ar\/sitio\/wp-content\/uploads\/2020\/09\/120427566_767540547421559_7279629817250637695_n-2048x1293.jpg 2048w\" data-sizes=\"(max-width: 1024px) 100vw, 1024px\" src=\"data:image\/svg+xml;base64,PHN2ZyB3aWR0aD0iMSIgaGVpZ2h0PSIxIiB4bWxucz0iaHR0cDovL3d3dy53My5vcmcvMjAwMC9zdmciPjwvc3ZnPg==\" style=\"--smush-placeholder-width: 1024px; --smush-placeholder-aspect-ratio: 1024\/647;\" \/><\/figure>\n","protected":false},"excerpt":{"rendered":"<p>La Cooperadora del Hospital Emilio Ruffa hizo entrega esta ma\u00f1ana de una nueva compra de equipamiento adquirida con los fondos que re\u00fanen gracias al trabajo constante que realizan para apoyar al nosocomio y con el apoyo de vecinos que realizan su aporte. En el acto estuvieron presentes el Dr. Javier Sualdea, Director del Hospital, la [&hellip;]<\/p>\n","protected":false},"author":4,"featured_media":81562,"comment_status":"open","ping_status":"closed","sticky":false,"template":"","format":"standard","meta":{"om_disable_all_campaigns":false,"_jetpack_memberships_contains_paid_content":false,"footnotes":""},"categories":[50,101,2],"tags":[],"class_list":["post-81559","post","type-post","status-publish","format-standard","has-post-thumbnail","hentry","category-destacadas","category-interes-general-locales","category-locales"],"aioseo_notices":[],"gutentor_comment":0,"jetpack_featured_media_url":"https:\/\/eldiariodesanpedro.com.ar\/sitio\/wp-content\/uploads\/2020\/09\/120411381_3391504360903638_6442542082637497366_n-scaled.jpg","jetpack_shortlink":"https:\/\/wp.me\/p6RhLt-ldt","jetpack_sharing_enabled":true,"_links":{"self":[{"href":"https:\/\/eldiariodesanpedro.com.ar\/sitio\/wp-json\/wp\/v2\/posts\/81559","targetHints":{"allow":["GET"]}}],"collection":[{"href":"https:\/\/eldiariodesanpedro.com.ar\/sitio\/wp-json\/wp\/v2\/posts"}],"about":[{"href":"https:\/\/eldiariodesanpedro.com.ar\/sitio\/wp-json\/wp\/v2\/types\/post"}],"author":[{"embeddable":true,"href":"https:\/\/eldiariodesanpedro.com.ar\/sitio\/wp-json\/wp\/v2\/users\/4"}],"replies":[{"embeddable":true,"href":"https:\/\/eldiariodesanpedro.com.ar\/sitio\/wp-json\/wp\/v2\/comments?post=81559"}],"version-history":[{"count":1,"href":"https:\/\/eldiariodesanpedro.com.ar\/sitio\/wp-json\/wp\/v2\/posts\/81559\/revisions"}],"predecessor-version":[{"id":81563,"href":"https:\/\/eldiariodesanpedro.com.ar\/sitio\/wp-json\/wp\/v2\/posts\/81559\/revisions\/81563"}],"wp:featuredmedia":[{"embeddable":true,"href":"https:\/\/eldiariodesanpedro.com.ar\/sitio\/wp-json\/wp\/v2\/media\/81562"}],"wp:attachment":[{"href":"https:\/\/eldiariodesanpedro.com.ar\/sitio\/wp-json\/wp\/v2\/media?parent=81559"}],"wp:term":[{"taxonomy":"category","embeddable":true,"href":"https:\/\/eldiariodesanpedro.com.ar\/sitio\/wp-json\/wp\/v2\/categories?post=81559"},{"taxonomy":"post_tag","embeddable":true,"href":"https:\/\/eldiariodesanpedro.com.ar\/sitio\/wp-json\/wp\/v2\/tags?post=81559"}],"curies":[{"name":"wp","href":"https:\/\/api.w.org\/{rel}","templated":true}]}}