{"id":81555,"date":"2020-09-29T11:19:38","date_gmt":"2020-09-29T14:19:38","guid":{"rendered":"https:\/\/eldiariodesanpedro.com.ar\/sitio\/?p=81555"},"modified":"2020-09-29T11:19:39","modified_gmt":"2020-09-29T14:19:39","slug":"roban-motocicleta-estacionada-en-la-via-publica","status":"publish","type":"post","link":"https:\/\/eldiariodesanpedro.com.ar\/sitio\/roban-motocicleta-estacionada-en-la-via-publica\/","title":{"rendered":"Roban motocicleta estacionada en la v\u00eda p\u00fablica"},"content":{"rendered":"<!-- VideographyWP Plugin Message: Automatic video embedding prevented by plugin options. -->\n\n<p>Este lunes se recibi\u00f3 la denuncia en la comisar\u00eda local por parte de una mujer de 24 a\u00f1os, que ese d\u00eda promediando las 17 hs dej\u00f3 estacionada su motocicleta 110 cc&nbsp; frente a su domicilio Maestro Reyna al 1000, que al egresar de su vivienda tras unas cuatro horas constata ignorados sin violencia sustraen rodado de menci\u00f3n.&nbsp;Se investiga con intervenci\u00f3n de la fiscal\u00eda local<\/p>\n","protected":false},"excerpt":{"rendered":"<p>Este lunes se recibi\u00f3 la denuncia en la comisar\u00eda local por parte de una mujer de 24 a\u00f1os, que ese d\u00eda promediando las 17 hs dej\u00f3 estacionada su motocicleta 110 cc&nbsp; frente a su domicilio Maestro Reyna al 1000, que al egresar de su vivienda tras unas cuatro horas constata ignorados sin violencia sustraen rodado [&hellip;]<\/p>\n","protected":false},"author":4,"featured_media":45394,"comment_status":"open","ping_status":"closed","sticky":false,"template":"","format":"standard","meta":{"om_disable_all_campaigns":false,"_jetpack_memberships_contains_paid_content":false,"footnotes":""},"categories":[2,103],"tags":[197,33,95,1040],"class_list":["post-81555","post","type-post","status-publish","format-standard","has-post-thumbnail","hentry","category-locales","category-policiales-locales","tag-buenos-aires","tag-locales","tag-policiales","tag-san-pedro-buenos-aires"],"aioseo_notices":[],"gutentor_comment":0,"jetpack_featured_media_url":"https:\/\/eldiariodesanpedro.com.ar\/sitio\/wp-content\/uploads\/2019\/01\/comisaria.jpg","jetpack_shortlink":"https:\/\/wp.me\/p6RhLt-ldp","jetpack_sharing_enabled":true,"_links":{"self":[{"href":"https:\/\/eldiariodesanpedro.com.ar\/sitio\/wp-json\/wp\/v2\/posts\/81555","targetHints":{"allow":["GET"]}}],"collection":[{"href":"https:\/\/eldiariodesanpedro.com.ar\/sitio\/wp-json\/wp\/v2\/posts"}],"about":[{"href":"https:\/\/eldiariodesanpedro.com.ar\/sitio\/wp-json\/wp\/v2\/types\/post"}],"author":[{"embeddable":true,"href":"https:\/\/eldiariodesanpedro.com.ar\/sitio\/wp-json\/wp\/v2\/users\/4"}],"replies":[{"embeddable":true,"href":"https:\/\/eldiariodesanpedro.com.ar\/sitio\/wp-json\/wp\/v2\/comments?post=81555"}],"version-history":[{"count":1,"href":"https:\/\/eldiariodesanpedro.com.ar\/sitio\/wp-json\/wp\/v2\/posts\/81555\/revisions"}],"predecessor-version":[{"id":81556,"href":"https:\/\/eldiariodesanpedro.com.ar\/sitio\/wp-json\/wp\/v2\/posts\/81555\/revisions\/81556"}],"wp:featuredmedia":[{"embeddable":true,"href":"https:\/\/eldiariodesanpedro.com.ar\/sitio\/wp-json\/wp\/v2\/media\/45394"}],"wp:attachment":[{"href":"https:\/\/eldiariodesanpedro.com.ar\/sitio\/wp-json\/wp\/v2\/media?parent=81555"}],"wp:term":[{"taxonomy":"category","embeddable":true,"href":"https:\/\/eldiariodesanpedro.com.ar\/sitio\/wp-json\/wp\/v2\/categories?post=81555"},{"taxonomy":"post_tag","embeddable":true,"href":"https:\/\/eldiariodesanpedro.com.ar\/sitio\/wp-json\/wp\/v2\/tags?post=81555"}],"curies":[{"name":"wp","href":"https:\/\/api.w.org\/{rel}","templated":true}]}}