{"id":81551,"date":"2020-09-29T11:01:50","date_gmt":"2020-09-29T14:01:50","guid":{"rendered":"https:\/\/eldiariodesanpedro.com.ar\/sitio\/?p=81551"},"modified":"2020-09-29T11:01:50","modified_gmt":"2020-09-29T14:01:50","slug":"un-aprehendido-con-un-arma-tumbera-que-realizaba-disparos-en-la-via-publica","status":"publish","type":"post","link":"https:\/\/eldiariodesanpedro.com.ar\/sitio\/un-aprehendido-con-un-arma-tumbera-que-realizaba-disparos-en-la-via-publica\/","title":{"rendered":"Un aprehendido con un arma tumbera que realizaba disparos en la v\u00eda p\u00fablica"},"content":{"rendered":"<!-- VideographyWP Plugin Message: Automatic video embedding prevented by plugin options. -->\n\n<p>El personal policial de la comisar\u00eda tras reiterados llamados al 911 por ciudadanos que denuncian que otros ciudadanos se encuentran realizando disparos en la v\u00eda p\u00fablica.<\/p>\n\n\n\n<p>El hecho ocurri\u00f3 este lunes en horas de la tarde en calle Manuel Iglesias al 800, donde la polic\u00eda procede a la aprehension de masculino 44 a\u00f1os, al cual se le secuestr\u00f3 en su poder arma de fuego de fabricaci\u00f3n casera (tumbera) y dos cartuchos de escopeta antes detallados, las cuales habr\u00eda utilizado momentos antes para efectuar disparos intimidado a vecina de 34 a\u00f1os que radic\u00f3 la denuncia.<\/p>\n\n\n\n<p>El problema entre estas personas viene de larga data, existiendo denuncias previas mutuas.&nbsp;<\/p>\n\n\n\n<p>El delincuente armado permanece alojado en sede policial a disposici\u00f3n de la fiscal\u00eda local en turno.<\/p>\n\n\n\n<figure class=\"wp-block-image size-large\"><img decoding=\"async\" width=\"1024\" height=\"768\" data-attachment-id=\"81553\" data-permalink=\"https:\/\/eldiariodesanpedro.com.ar\/sitio\/un-aprehendido-con-un-arma-tumbera-que-realizaba-disparos-en-la-via-publica\/whatsapp-image-2020-09-29-at-09-47-39-1-2\/\" data-orig-file=\"https:\/\/eldiariodesanpedro.com.ar\/sitio\/wp-content\/uploads\/2020\/09\/WhatsApp-Image-2020-09-29-at-09.47.39-1-1.jpeg\" data-orig-size=\"1280,960\" data-comments-opened=\"1\" data-image-meta=\"{&quot;aperture&quot;:&quot;0&quot;,&quot;credit&quot;:&quot;&quot;,&quot;camera&quot;:&quot;&quot;,&quot;caption&quot;:&quot;&quot;,&quot;created_timestamp&quot;:&quot;0&quot;,&quot;copyright&quot;:&quot;&quot;,&quot;focal_length&quot;:&quot;0&quot;,&quot;iso&quot;:&quot;0&quot;,&quot;shutter_speed&quot;:&quot;0&quot;,&quot;title&quot;:&quot;&quot;,&quot;orientation&quot;:&quot;0&quot;}\" data-image-title=\"WhatsApp Image 2020-09-29 at 09.47.39 (1)\" data-image-description=\"\" data-image-caption=\"\" data-large-file=\"https:\/\/eldiariodesanpedro.com.ar\/sitio\/wp-content\/uploads\/2020\/09\/WhatsApp-Image-2020-09-29-at-09.47.39-1-1-1024x768.jpeg\" data-src=\"https:\/\/eldiariodesanpedro.com.ar\/sitio\/wp-content\/uploads\/2020\/09\/WhatsApp-Image-2020-09-29-at-09.47.39-1-1-1024x768.jpeg\" alt=\"\" class=\"wp-image-81553 lazyload\" data-srcset=\"https:\/\/eldiariodesanpedro.com.ar\/sitio\/wp-content\/uploads\/2020\/09\/WhatsApp-Image-2020-09-29-at-09.47.39-1-1-1024x768.jpeg 1024w, https:\/\/eldiariodesanpedro.com.ar\/sitio\/wp-content\/uploads\/2020\/09\/WhatsApp-Image-2020-09-29-at-09.47.39-1-1-300x225.jpeg 300w, https:\/\/eldiariodesanpedro.com.ar\/sitio\/wp-content\/uploads\/2020\/09\/WhatsApp-Image-2020-09-29-at-09.47.39-1-1-768x576.jpeg 768w, https:\/\/eldiariodesanpedro.com.ar\/sitio\/wp-content\/uploads\/2020\/09\/WhatsApp-Image-2020-09-29-at-09.47.39-1-1-500x375.jpeg 500w, https:\/\/eldiariodesanpedro.com.ar\/sitio\/wp-content\/uploads\/2020\/09\/WhatsApp-Image-2020-09-29-at-09.47.39-1-1.jpeg 1280w\" data-sizes=\"(max-width: 1024px) 100vw, 1024px\" src=\"data:image\/svg+xml;base64,PHN2ZyB3aWR0aD0iMSIgaGVpZ2h0PSIxIiB4bWxucz0iaHR0cDovL3d3dy53My5vcmcvMjAwMC9zdmciPjwvc3ZnPg==\" style=\"--smush-placeholder-width: 1024px; --smush-placeholder-aspect-ratio: 1024\/768;\" \/><\/figure>\n","protected":false},"excerpt":{"rendered":"<p>El personal policial de la comisar\u00eda tras reiterados llamados al 911 por ciudadanos que denuncian que otros ciudadanos se encuentran realizando disparos en la v\u00eda p\u00fablica. El hecho ocurri\u00f3 este lunes en horas de la tarde en calle Manuel Iglesias al 800, donde la polic\u00eda procede a la aprehension de masculino 44 a\u00f1os, al cual [&hellip;]<\/p>\n","protected":false},"author":4,"featured_media":81552,"comment_status":"open","ping_status":"closed","sticky":false,"template":"","format":"standard","meta":{"om_disable_all_campaigns":false,"_jetpack_memberships_contains_paid_content":false,"footnotes":""},"categories":[50,2,103],"tags":[197,33,95],"class_list":["post-81551","post","type-post","status-publish","format-standard","has-post-thumbnail","hentry","category-destacadas","category-locales","category-policiales-locales","tag-buenos-aires","tag-locales","tag-policiales"],"aioseo_notices":[],"gutentor_comment":0,"jetpack_featured_media_url":"https:\/\/eldiariodesanpedro.com.ar\/sitio\/wp-content\/uploads\/2020\/09\/WhatsApp-Image-2020-09-29-at-09.47.38.jpeg","jetpack_shortlink":"https:\/\/wp.me\/p6RhLt-ldl","jetpack_sharing_enabled":true,"_links":{"self":[{"href":"https:\/\/eldiariodesanpedro.com.ar\/sitio\/wp-json\/wp\/v2\/posts\/81551","targetHints":{"allow":["GET"]}}],"collection":[{"href":"https:\/\/eldiariodesanpedro.com.ar\/sitio\/wp-json\/wp\/v2\/posts"}],"about":[{"href":"https:\/\/eldiariodesanpedro.com.ar\/sitio\/wp-json\/wp\/v2\/types\/post"}],"author":[{"embeddable":true,"href":"https:\/\/eldiariodesanpedro.com.ar\/sitio\/wp-json\/wp\/v2\/users\/4"}],"replies":[{"embeddable":true,"href":"https:\/\/eldiariodesanpedro.com.ar\/sitio\/wp-json\/wp\/v2\/comments?post=81551"}],"version-history":[{"count":1,"href":"https:\/\/eldiariodesanpedro.com.ar\/sitio\/wp-json\/wp\/v2\/posts\/81551\/revisions"}],"predecessor-version":[{"id":81554,"href":"https:\/\/eldiariodesanpedro.com.ar\/sitio\/wp-json\/wp\/v2\/posts\/81551\/revisions\/81554"}],"wp:featuredmedia":[{"embeddable":true,"href":"https:\/\/eldiariodesanpedro.com.ar\/sitio\/wp-json\/wp\/v2\/media\/81552"}],"wp:attachment":[{"href":"https:\/\/eldiariodesanpedro.com.ar\/sitio\/wp-json\/wp\/v2\/media?parent=81551"}],"wp:term":[{"taxonomy":"category","embeddable":true,"href":"https:\/\/eldiariodesanpedro.com.ar\/sitio\/wp-json\/wp\/v2\/categories?post=81551"},{"taxonomy":"post_tag","embeddable":true,"href":"https:\/\/eldiariodesanpedro.com.ar\/sitio\/wp-json\/wp\/v2\/tags?post=81551"}],"curies":[{"name":"wp","href":"https:\/\/api.w.org\/{rel}","templated":true}]}}