{"id":81543,"date":"2020-09-29T09:57:12","date_gmt":"2020-09-29T12:57:12","guid":{"rendered":"https:\/\/eldiariodesanpedro.com.ar\/sitio\/?p=81543"},"modified":"2020-09-29T09:57:17","modified_gmt":"2020-09-29T12:57:17","slug":"delincuente-de-san-miguel-del-monte-fue-detenido-cuando-robaba-un-automovil","status":"publish","type":"post","link":"https:\/\/eldiariodesanpedro.com.ar\/sitio\/delincuente-de-san-miguel-del-monte-fue-detenido-cuando-robaba-un-automovil\/","title":{"rendered":"Delincuente de San Miguel del Monte fue detenido cuando robaba un autom\u00f3vil"},"content":{"rendered":"<!-- VideographyWP Plugin Message: Automatic video embedding prevented by plugin options. -->\n\n<p>En la noche de este lunes la polic\u00eda evit\u00f3 el robo de un autom\u00f3vil por una persona que no es oriunda de nuestra ciudad.<\/p>\n\n\n\n<p>Este lunes alrededor de las 22:30 hs los m\u00f3viles de la polic\u00eda de nuestra ciudad realizaron un operativo cerrojo en la ruta 191 km km 19,5 para proceder a la aprehensi\u00f3n de un delincuente de 49 a\u00f1os de edad oriundo de la localidad de San Miguel del Monte.<\/p>\n\n\n\n<p>Este hombre circulaba en un autom\u00f3vil Volkswagen, que instantes antes hab\u00eda robado de la v\u00eda p\u00fablica en una vivienda ubicada en calle Rivadavia al 1200 cuando su propietario un joven de 29 a\u00f1os desciende del mismo y lo deja en marcha para realizar un tr\u00e1mite, mientras que esta persona aprovecha el momento.<\/p>\n\n\n\n<p>El malviviente fue trasladado a la comisar\u00eda local donde permanecer\u00e1 alojado hasta tomar declaraci\u00f3n frente a la fiscal\u00eda que cartulo al hecho como \u201cRobo Automotor\u201d.<\/p>\n\n\n\n<figure class=\"wp-block-image size-large\"><img decoding=\"async\" width=\"1024\" height=\"768\" data-attachment-id=\"81544\" data-permalink=\"https:\/\/eldiariodesanpedro.com.ar\/sitio\/delincuente-de-san-miguel-del-monte-fue-detenido-cuando-robaba-un-automovil\/whatsapp-image-2020-09-29-at-09-47-37-1\/\" data-orig-file=\"https:\/\/eldiariodesanpedro.com.ar\/sitio\/wp-content\/uploads\/2020\/09\/WhatsApp-Image-2020-09-29-at-09.47.37-1.jpeg\" data-orig-size=\"1024,768\" data-comments-opened=\"1\" data-image-meta=\"{&quot;aperture&quot;:&quot;0&quot;,&quot;credit&quot;:&quot;&quot;,&quot;camera&quot;:&quot;&quot;,&quot;caption&quot;:&quot;&quot;,&quot;created_timestamp&quot;:&quot;0&quot;,&quot;copyright&quot;:&quot;&quot;,&quot;focal_length&quot;:&quot;0&quot;,&quot;iso&quot;:&quot;0&quot;,&quot;shutter_speed&quot;:&quot;0&quot;,&quot;title&quot;:&quot;&quot;,&quot;orientation&quot;:&quot;0&quot;}\" data-image-title=\"WhatsApp Image 2020-09-29 at 09.47.37 (1)\" data-image-description=\"\" data-image-caption=\"\" data-large-file=\"https:\/\/eldiariodesanpedro.com.ar\/sitio\/wp-content\/uploads\/2020\/09\/WhatsApp-Image-2020-09-29-at-09.47.37-1.jpeg\" data-src=\"https:\/\/eldiariodesanpedro.com.ar\/sitio\/wp-content\/uploads\/2020\/09\/WhatsApp-Image-2020-09-29-at-09.47.37-1.jpeg\" alt=\"\" class=\"wp-image-81544 lazyload\" data-srcset=\"https:\/\/eldiariodesanpedro.com.ar\/sitio\/wp-content\/uploads\/2020\/09\/WhatsApp-Image-2020-09-29-at-09.47.37-1.jpeg 1024w, https:\/\/eldiariodesanpedro.com.ar\/sitio\/wp-content\/uploads\/2020\/09\/WhatsApp-Image-2020-09-29-at-09.47.37-1-300x225.jpeg 300w, https:\/\/eldiariodesanpedro.com.ar\/sitio\/wp-content\/uploads\/2020\/09\/WhatsApp-Image-2020-09-29-at-09.47.37-1-768x576.jpeg 768w, https:\/\/eldiariodesanpedro.com.ar\/sitio\/wp-content\/uploads\/2020\/09\/WhatsApp-Image-2020-09-29-at-09.47.37-1-500x375.jpeg 500w\" data-sizes=\"(max-width: 1024px) 100vw, 1024px\" src=\"data:image\/svg+xml;base64,PHN2ZyB3aWR0aD0iMSIgaGVpZ2h0PSIxIiB4bWxucz0iaHR0cDovL3d3dy53My5vcmcvMjAwMC9zdmciPjwvc3ZnPg==\" style=\"--smush-placeholder-width: 1024px; --smush-placeholder-aspect-ratio: 1024\/768;\" \/><\/figure>\n","protected":false},"excerpt":{"rendered":"<p>En la noche de este lunes la polic\u00eda evit\u00f3 el robo de un autom\u00f3vil por una persona que no es oriunda de nuestra ciudad. Este lunes alrededor de las 22:30 hs los m\u00f3viles de la polic\u00eda de nuestra ciudad realizaron un operativo cerrojo en la ruta 191 km km 19,5 para proceder a la aprehensi\u00f3n [&hellip;]<\/p>\n","protected":false},"author":4,"featured_media":81545,"comment_status":"open","ping_status":"closed","sticky":false,"template":"","format":"standard","meta":{"om_disable_all_campaigns":false,"_jetpack_memberships_contains_paid_content":false,"footnotes":""},"categories":[50,2,103],"tags":[],"class_list":["post-81543","post","type-post","status-publish","format-standard","has-post-thumbnail","hentry","category-destacadas","category-locales","category-policiales-locales"],"aioseo_notices":[],"gutentor_comment":0,"jetpack_featured_media_url":"https:\/\/eldiariodesanpedro.com.ar\/sitio\/wp-content\/uploads\/2020\/09\/WhatsApp-Image-2020-09-29-at-09.47.37.jpeg","jetpack_shortlink":"https:\/\/wp.me\/p6RhLt-ldd","jetpack_sharing_enabled":true,"_links":{"self":[{"href":"https:\/\/eldiariodesanpedro.com.ar\/sitio\/wp-json\/wp\/v2\/posts\/81543","targetHints":{"allow":["GET"]}}],"collection":[{"href":"https:\/\/eldiariodesanpedro.com.ar\/sitio\/wp-json\/wp\/v2\/posts"}],"about":[{"href":"https:\/\/eldiariodesanpedro.com.ar\/sitio\/wp-json\/wp\/v2\/types\/post"}],"author":[{"embeddable":true,"href":"https:\/\/eldiariodesanpedro.com.ar\/sitio\/wp-json\/wp\/v2\/users\/4"}],"replies":[{"embeddable":true,"href":"https:\/\/eldiariodesanpedro.com.ar\/sitio\/wp-json\/wp\/v2\/comments?post=81543"}],"version-history":[{"count":1,"href":"https:\/\/eldiariodesanpedro.com.ar\/sitio\/wp-json\/wp\/v2\/posts\/81543\/revisions"}],"predecessor-version":[{"id":81546,"href":"https:\/\/eldiariodesanpedro.com.ar\/sitio\/wp-json\/wp\/v2\/posts\/81543\/revisions\/81546"}],"wp:featuredmedia":[{"embeddable":true,"href":"https:\/\/eldiariodesanpedro.com.ar\/sitio\/wp-json\/wp\/v2\/media\/81545"}],"wp:attachment":[{"href":"https:\/\/eldiariodesanpedro.com.ar\/sitio\/wp-json\/wp\/v2\/media?parent=81543"}],"wp:term":[{"taxonomy":"category","embeddable":true,"href":"https:\/\/eldiariodesanpedro.com.ar\/sitio\/wp-json\/wp\/v2\/categories?post=81543"},{"taxonomy":"post_tag","embeddable":true,"href":"https:\/\/eldiariodesanpedro.com.ar\/sitio\/wp-json\/wp\/v2\/tags?post=81543"}],"curies":[{"name":"wp","href":"https:\/\/api.w.org\/{rel}","templated":true}]}}