{"id":81536,"date":"2020-09-29T09:29:45","date_gmt":"2020-09-29T12:29:45","guid":{"rendered":"https:\/\/eldiariodesanpedro.com.ar\/sitio\/?p=81536"},"modified":"2020-09-29T09:29:50","modified_gmt":"2020-09-29T12:29:50","slug":"albaniles-recuperan-objetos-de-130-anos-de-antiguedad-en-el-casco-historico-de-san-pedro","status":"publish","type":"post","link":"https:\/\/eldiariodesanpedro.com.ar\/sitio\/albaniles-recuperan-objetos-de-130-anos-de-antiguedad-en-el-casco-historico-de-san-pedro\/","title":{"rendered":"Alba\u00f1iles recuperan objetos de 130 a\u00f1os de antig\u00fcedad en el casco hist\u00f3rico de san pedro"},"content":{"rendered":"<!-- VideographyWP Plugin Message: Automatic video embedding prevented by plugin options. -->\n\n<p><strong>El conjunto de elementos antiguos representa aspectos de la vida a finales de 1800, principios de 1900. Hay objetos de origen norteamericano y franc\u00e9s, entre otros.<\/strong><\/p>\n\n\n\n<p>&nbsp;Un grupo de alba\u00f1iles que realizaban tareas en una propiedad de la familia <strong>Reynes<\/strong>, desenterr\u00f3 objetos que fueron utilizados a fines de 1800, comienzos de 1900.<\/p>\n\n\n\n<p>Mientras <strong>Marcelino Fern\u00e1ndez <\/strong>y<strong> Joaqu\u00edn Mendoza<\/strong> cavaban cimientos en un lote ubicado sobre calle 9 de Julio, en pleno casco hist\u00f3rico de la ciudad, observaron varios objetos que llamaron su atenci\u00f3n. Lozas ornamentadas, hierros, vidrios antiguos y hasta un peque\u00f1o juguete de porcelana aparecieron ante sus ojos.<\/p>\n\n\n\n<p>De inmediato, el <strong>Sr. Pablo Reynes<\/strong>, propietario del lugar, puso el conjunto de elementos a disposici\u00f3n del <strong>Grupo Conservacionista de F\u00f3siles<\/strong> para lograr recabar la mayor informaci\u00f3n posible de ese descubrimiento.<\/p>\n\n\n\n<p>En este sentido, Mat\u00edas Swistun y Jos\u00e9 Luis Aguilar, acudieron al <strong>Arq. Daniel Sch\u00e1velzon, Director del Centro de Arqueolog\u00eda Urbana de la UBA<\/strong>, como pionero en nuestro pa\u00eds de este tipo de investigaciones en \u00e1mbitos urbanos.&nbsp;<\/p>\n\n\n\n<p>De acuerdo a la opini\u00f3n de Sch\u00e1velzon, \u201c<strong><em>es un conjunto de elementos muy interesante. Seguramente provenientes de un antiguo pozo de basura de vida dom\u00e9stica, posiblemente utilizado entre los a\u00f1os 1880 y 1900. Son objetos que reflejan los usos y costumbres de la vida de la \u00e9poca. Entre los objetos m\u00e1s interesantes se observa lo que parece ser una l\u00e1mpara de alcohol o similar en vidrio azul. Otro de los objetos curiosos es un botell\u00f3n de gres cer\u00e1mico de origen norteamericano, habitualmente fabricados para whisky, aguardiente o alg\u00fan tipo de bebida blanca. Estos botellones son muy raros de encontrar en arqueolog\u00eda urbana. En este conjunto se conserv\u00f3, adem\u00e1s, una peque\u00f1a mu\u00f1equita de porcelana. Por lo general eran de origen franc\u00e9s, t\u00edpicas de fines de siglo XIX. Ven\u00edan con vestimenta variada y su peque\u00f1o tama\u00f1o es porque se usaban en las casas de mu\u00f1ecas, donde tambi\u00e9n hab\u00eda juegos de t\u00e9, sillas y dem\u00e1s accesorios en miniatura<\/em><\/strong>\u201d.&nbsp;<\/p>\n\n\n\n<p>El resto del conjunto se complementa con una manija de balde de aljibe, partes de un jarr\u00f3n blanco de porcelana ornamentado en azul, una tapa en porcelana con c\u00edrculos conc\u00e9ntricos en diferentes colores, un antiguo mate de lat\u00f3n, fragmentos de ollas de fundici\u00f3n, una manija de una pava de gran tama\u00f1o y dem\u00e1s elementos.<\/p>\n\n\n\n<p>Desde el Grupo Conservacionista destacan la preocupaci\u00f3n de la familia Reynes por rescatar este conjunto de elementos hist\u00f3ricos que nos muestran parte de la vida cotidiana de un hogar de clase media alta de fines del siglo XIX, principios del XX; como as\u00ed tambi\u00e9n el cuidado de los alba\u00f1iles por preservar estos objetos. Esto permite tener una imagen concreta, a trav\u00e9s de los objetos, de un grupo familiar que habit\u00f3 el casco hist\u00f3rico de San Pedro en una \u00e9poca con usos y\u00a0 costumbres muy diferentes a los de la actualidad.\u00a0El conjunto pasar\u00e1 a formar parte de la colecci\u00f3n de la <strong><em>Sala de Documentaci\u00f3n Hist\u00f3rica<\/em><\/strong> que est\u00e1 preparando el Museo Paleontol\u00f3gico.\u00a0<\/p>\n\n\n\n<figure class=\"wp-block-image size-large\"><img decoding=\"async\" width=\"1024\" height=\"746\" data-attachment-id=\"81541\" data-permalink=\"https:\/\/eldiariodesanpedro.com.ar\/sitio\/albaniles-recuperan-objetos-de-130-anos-de-antiguedad-en-el-casco-historico-de-san-pedro\/img_20200928_225446\/\" data-orig-file=\"https:\/\/eldiariodesanpedro.com.ar\/sitio\/wp-content\/uploads\/2020\/09\/IMG_20200928_225446.jpg\" data-orig-size=\"2522,1838\" data-comments-opened=\"1\" data-image-meta=\"{&quot;aperture&quot;:&quot;2&quot;,&quot;credit&quot;:&quot;&quot;,&quot;camera&quot;:&quot;LG-X230&quot;,&quot;caption&quot;:&quot;&quot;,&quot;created_timestamp&quot;:&quot;1601333688&quot;,&quot;copyright&quot;:&quot;&quot;,&quot;focal_length&quot;:&quot;3.5&quot;,&quot;iso&quot;:&quot;1282&quot;,&quot;shutter_speed&quot;:&quot;0.100006&quot;,&quot;title&quot;:&quot;&quot;,&quot;orientation&quot;:&quot;1&quot;}\" data-image-title=\"IMG_20200928_225446\" data-image-description=\"\" data-image-caption=\"\" data-large-file=\"https:\/\/eldiariodesanpedro.com.ar\/sitio\/wp-content\/uploads\/2020\/09\/IMG_20200928_225446-1024x746.jpg\" data-src=\"https:\/\/eldiariodesanpedro.com.ar\/sitio\/wp-content\/uploads\/2020\/09\/IMG_20200928_225446-1024x746.jpg\" alt=\"\" class=\"wp-image-81541 lazyload\" data-srcset=\"https:\/\/eldiariodesanpedro.com.ar\/sitio\/wp-content\/uploads\/2020\/09\/IMG_20200928_225446-1024x746.jpg 1024w, https:\/\/eldiariodesanpedro.com.ar\/sitio\/wp-content\/uploads\/2020\/09\/IMG_20200928_225446-300x219.jpg 300w, https:\/\/eldiariodesanpedro.com.ar\/sitio\/wp-content\/uploads\/2020\/09\/IMG_20200928_225446-768x560.jpg 768w, https:\/\/eldiariodesanpedro.com.ar\/sitio\/wp-content\/uploads\/2020\/09\/IMG_20200928_225446-1536x1119.jpg 1536w, https:\/\/eldiariodesanpedro.com.ar\/sitio\/wp-content\/uploads\/2020\/09\/IMG_20200928_225446-2048x1493.jpg 2048w\" data-sizes=\"(max-width: 1024px) 100vw, 1024px\" src=\"data:image\/svg+xml;base64,PHN2ZyB3aWR0aD0iMSIgaGVpZ2h0PSIxIiB4bWxucz0iaHR0cDovL3d3dy53My5vcmcvMjAwMC9zdmciPjwvc3ZnPg==\" style=\"--smush-placeholder-width: 1024px; --smush-placeholder-aspect-ratio: 1024\/746;\" \/><\/figure>\n\n\n\n<figure class=\"wp-block-image size-large\"><img decoding=\"async\" width=\"1024\" height=\"771\" data-attachment-id=\"81540\" data-permalink=\"https:\/\/eldiariodesanpedro.com.ar\/sitio\/albaniles-recuperan-objetos-de-130-anos-de-antiguedad-en-el-casco-historico-de-san-pedro\/img_20200928_225030\/\" data-orig-file=\"https:\/\/eldiariodesanpedro.com.ar\/sitio\/wp-content\/uploads\/2020\/09\/IMG_20200928_225030-scaled.jpg\" data-orig-size=\"2560,1929\" data-comments-opened=\"1\" data-image-meta=\"{&quot;aperture&quot;:&quot;2&quot;,&quot;credit&quot;:&quot;&quot;,&quot;camera&quot;:&quot;LG-X230&quot;,&quot;caption&quot;:&quot;&quot;,&quot;created_timestamp&quot;:&quot;1601333431&quot;,&quot;copyright&quot;:&quot;&quot;,&quot;focal_length&quot;:&quot;3.5&quot;,&quot;iso&quot;:&quot;1000&quot;,&quot;shutter_speed&quot;:&quot;0.100006&quot;,&quot;title&quot;:&quot;&quot;,&quot;orientation&quot;:&quot;1&quot;}\" data-image-title=\"IMG_20200928_225030\" data-image-description=\"\" data-image-caption=\"\" data-large-file=\"https:\/\/eldiariodesanpedro.com.ar\/sitio\/wp-content\/uploads\/2020\/09\/IMG_20200928_225030-1024x771.jpg\" data-src=\"https:\/\/eldiariodesanpedro.com.ar\/sitio\/wp-content\/uploads\/2020\/09\/IMG_20200928_225030-1024x771.jpg\" alt=\"\" class=\"wp-image-81540 lazyload\" data-srcset=\"https:\/\/eldiariodesanpedro.com.ar\/sitio\/wp-content\/uploads\/2020\/09\/IMG_20200928_225030-1024x771.jpg 1024w, https:\/\/eldiariodesanpedro.com.ar\/sitio\/wp-content\/uploads\/2020\/09\/IMG_20200928_225030-300x226.jpg 300w, https:\/\/eldiariodesanpedro.com.ar\/sitio\/wp-content\/uploads\/2020\/09\/IMG_20200928_225030-768x579.jpg 768w, https:\/\/eldiariodesanpedro.com.ar\/sitio\/wp-content\/uploads\/2020\/09\/IMG_20200928_225030-1536x1157.jpg 1536w, https:\/\/eldiariodesanpedro.com.ar\/sitio\/wp-content\/uploads\/2020\/09\/IMG_20200928_225030-2048x1543.jpg 2048w, https:\/\/eldiariodesanpedro.com.ar\/sitio\/wp-content\/uploads\/2020\/09\/IMG_20200928_225030-500x375.jpg 500w\" data-sizes=\"(max-width: 1024px) 100vw, 1024px\" src=\"data:image\/svg+xml;base64,PHN2ZyB3aWR0aD0iMSIgaGVpZ2h0PSIxIiB4bWxucz0iaHR0cDovL3d3dy53My5vcmcvMjAwMC9zdmciPjwvc3ZnPg==\" style=\"--smush-placeholder-width: 1024px; --smush-placeholder-aspect-ratio: 1024\/771;\" \/><\/figure>\n\n\n\n<figure class=\"wp-block-image size-large\"><img decoding=\"async\" width=\"1024\" height=\"576\" data-attachment-id=\"81539\" data-permalink=\"https:\/\/eldiariodesanpedro.com.ar\/sitio\/albaniles-recuperan-objetos-de-130-anos-de-antiguedad-en-el-casco-historico-de-san-pedro\/img_20200928_224907\/\" data-orig-file=\"https:\/\/eldiariodesanpedro.com.ar\/sitio\/wp-content\/uploads\/2020\/09\/IMG_20200928_224907-scaled.jpg\" data-orig-size=\"2560,1440\" data-comments-opened=\"1\" data-image-meta=\"{&quot;aperture&quot;:&quot;2&quot;,&quot;credit&quot;:&quot;&quot;,&quot;camera&quot;:&quot;LG-X230&quot;,&quot;caption&quot;:&quot;&quot;,&quot;created_timestamp&quot;:&quot;1601333348&quot;,&quot;copyright&quot;:&quot;&quot;,&quot;focal_length&quot;:&quot;3.5&quot;,&quot;iso&quot;:&quot;549&quot;,&quot;shutter_speed&quot;:&quot;0.100006&quot;,&quot;title&quot;:&quot;&quot;,&quot;orientation&quot;:&quot;1&quot;}\" data-image-title=\"IMG_20200928_224907\" data-image-description=\"\" data-image-caption=\"\" data-large-file=\"https:\/\/eldiariodesanpedro.com.ar\/sitio\/wp-content\/uploads\/2020\/09\/IMG_20200928_224907-1024x576.jpg\" data-src=\"https:\/\/eldiariodesanpedro.com.ar\/sitio\/wp-content\/uploads\/2020\/09\/IMG_20200928_224907-1024x576.jpg\" alt=\"\" class=\"wp-image-81539 lazyload\" data-srcset=\"https:\/\/eldiariodesanpedro.com.ar\/sitio\/wp-content\/uploads\/2020\/09\/IMG_20200928_224907-1024x576.jpg 1024w, https:\/\/eldiariodesanpedro.com.ar\/sitio\/wp-content\/uploads\/2020\/09\/IMG_20200928_224907-300x169.jpg 300w, https:\/\/eldiariodesanpedro.com.ar\/sitio\/wp-content\/uploads\/2020\/09\/IMG_20200928_224907-768x432.jpg 768w, https:\/\/eldiariodesanpedro.com.ar\/sitio\/wp-content\/uploads\/2020\/09\/IMG_20200928_224907-1536x864.jpg 1536w, https:\/\/eldiariodesanpedro.com.ar\/sitio\/wp-content\/uploads\/2020\/09\/IMG_20200928_224907-2048x1152.jpg 2048w, https:\/\/eldiariodesanpedro.com.ar\/sitio\/wp-content\/uploads\/2020\/09\/IMG_20200928_224907-800x450.jpg 800w\" data-sizes=\"(max-width: 1024px) 100vw, 1024px\" src=\"data:image\/svg+xml;base64,PHN2ZyB3aWR0aD0iMSIgaGVpZ2h0PSIxIiB4bWxucz0iaHR0cDovL3d3dy53My5vcmcvMjAwMC9zdmciPjwvc3ZnPg==\" style=\"--smush-placeholder-width: 1024px; --smush-placeholder-aspect-ratio: 1024\/576;\" \/><\/figure>\n\n\n\n<figure class=\"wp-block-image size-large\"><img decoding=\"async\" width=\"1024\" height=\"576\" data-attachment-id=\"81537\" data-permalink=\"https:\/\/eldiariodesanpedro.com.ar\/sitio\/albaniles-recuperan-objetos-de-130-anos-de-antiguedad-en-el-casco-historico-de-san-pedro\/img_20200928_225618\/\" data-orig-file=\"https:\/\/eldiariodesanpedro.com.ar\/sitio\/wp-content\/uploads\/2020\/09\/IMG_20200928_225618-scaled.jpg\" data-orig-size=\"2560,1440\" data-comments-opened=\"1\" data-image-meta=\"{&quot;aperture&quot;:&quot;2&quot;,&quot;credit&quot;:&quot;&quot;,&quot;camera&quot;:&quot;LG-X230&quot;,&quot;caption&quot;:&quot;&quot;,&quot;created_timestamp&quot;:&quot;1601333779&quot;,&quot;copyright&quot;:&quot;&quot;,&quot;focal_length&quot;:&quot;3.5&quot;,&quot;iso&quot;:&quot;2859&quot;,&quot;shutter_speed&quot;:&quot;0.100006&quot;,&quot;title&quot;:&quot;&quot;,&quot;orientation&quot;:&quot;1&quot;}\" data-image-title=\"IMG_20200928_225618\" data-image-description=\"\" data-image-caption=\"\" data-large-file=\"https:\/\/eldiariodesanpedro.com.ar\/sitio\/wp-content\/uploads\/2020\/09\/IMG_20200928_225618-1024x576.jpg\" data-src=\"https:\/\/eldiariodesanpedro.com.ar\/sitio\/wp-content\/uploads\/2020\/09\/IMG_20200928_225618-1024x576.jpg\" alt=\"\" class=\"wp-image-81537 lazyload\" data-srcset=\"https:\/\/eldiariodesanpedro.com.ar\/sitio\/wp-content\/uploads\/2020\/09\/IMG_20200928_225618-1024x576.jpg 1024w, https:\/\/eldiariodesanpedro.com.ar\/sitio\/wp-content\/uploads\/2020\/09\/IMG_20200928_225618-300x169.jpg 300w, https:\/\/eldiariodesanpedro.com.ar\/sitio\/wp-content\/uploads\/2020\/09\/IMG_20200928_225618-768x432.jpg 768w, https:\/\/eldiariodesanpedro.com.ar\/sitio\/wp-content\/uploads\/2020\/09\/IMG_20200928_225618-1536x864.jpg 1536w, https:\/\/eldiariodesanpedro.com.ar\/sitio\/wp-content\/uploads\/2020\/09\/IMG_20200928_225618-2048x1152.jpg 2048w, https:\/\/eldiariodesanpedro.com.ar\/sitio\/wp-content\/uploads\/2020\/09\/IMG_20200928_225618-800x450.jpg 800w\" data-sizes=\"(max-width: 1024px) 100vw, 1024px\" src=\"data:image\/svg+xml;base64,PHN2ZyB3aWR0aD0iMSIgaGVpZ2h0PSIxIiB4bWxucz0iaHR0cDovL3d3dy53My5vcmcvMjAwMC9zdmciPjwvc3ZnPg==\" style=\"--smush-placeholder-width: 1024px; --smush-placeholder-aspect-ratio: 1024\/576;\" \/><\/figure>\n","protected":false},"excerpt":{"rendered":"<p>El conjunto de elementos antiguos representa aspectos de la vida a finales de 1800, principios de 1900. Hay objetos de origen norteamericano y franc\u00e9s, entre otros. &nbsp;Un grupo de alba\u00f1iles que realizaban tareas en una propiedad de la familia Reynes, desenterr\u00f3 objetos que fueron utilizados a fines de 1800, comienzos de 1900. Mientras Marcelino Fern\u00e1ndez [&hellip;]<\/p>\n","protected":false},"author":4,"featured_media":81538,"comment_status":"open","ping_status":"closed","sticky":false,"template":"","format":"standard","meta":{"om_disable_all_campaigns":false,"_jetpack_memberships_contains_paid_content":false,"footnotes":""},"categories":[50,101,2],"tags":[],"class_list":["post-81536","post","type-post","status-publish","format-standard","has-post-thumbnail","hentry","category-destacadas","category-interes-general-locales","category-locales"],"aioseo_notices":[],"gutentor_comment":0,"jetpack_featured_media_url":"https:\/\/eldiariodesanpedro.com.ar\/sitio\/wp-content\/uploads\/2020\/09\/IMG_20200928_230744-scaled.jpg","jetpack_shortlink":"https:\/\/wp.me\/p6RhLt-ld6","jetpack_sharing_enabled":true,"_links":{"self":[{"href":"https:\/\/eldiariodesanpedro.com.ar\/sitio\/wp-json\/wp\/v2\/posts\/81536","targetHints":{"allow":["GET"]}}],"collection":[{"href":"https:\/\/eldiariodesanpedro.com.ar\/sitio\/wp-json\/wp\/v2\/posts"}],"about":[{"href":"https:\/\/eldiariodesanpedro.com.ar\/sitio\/wp-json\/wp\/v2\/types\/post"}],"author":[{"embeddable":true,"href":"https:\/\/eldiariodesanpedro.com.ar\/sitio\/wp-json\/wp\/v2\/users\/4"}],"replies":[{"embeddable":true,"href":"https:\/\/eldiariodesanpedro.com.ar\/sitio\/wp-json\/wp\/v2\/comments?post=81536"}],"version-history":[{"count":1,"href":"https:\/\/eldiariodesanpedro.com.ar\/sitio\/wp-json\/wp\/v2\/posts\/81536\/revisions"}],"predecessor-version":[{"id":81542,"href":"https:\/\/eldiariodesanpedro.com.ar\/sitio\/wp-json\/wp\/v2\/posts\/81536\/revisions\/81542"}],"wp:featuredmedia":[{"embeddable":true,"href":"https:\/\/eldiariodesanpedro.com.ar\/sitio\/wp-json\/wp\/v2\/media\/81538"}],"wp:attachment":[{"href":"https:\/\/eldiariodesanpedro.com.ar\/sitio\/wp-json\/wp\/v2\/media?parent=81536"}],"wp:term":[{"taxonomy":"category","embeddable":true,"href":"https:\/\/eldiariodesanpedro.com.ar\/sitio\/wp-json\/wp\/v2\/categories?post=81536"},{"taxonomy":"post_tag","embeddable":true,"href":"https:\/\/eldiariodesanpedro.com.ar\/sitio\/wp-json\/wp\/v2\/tags?post=81536"}],"curies":[{"name":"wp","href":"https:\/\/api.w.org\/{rel}","templated":true}]}}