{"id":81533,"date":"2020-09-28T21:14:58","date_gmt":"2020-09-29T00:14:58","guid":{"rendered":"https:\/\/eldiariodesanpedro.com.ar\/sitio\/?p=81533"},"modified":"2020-09-28T21:15:02","modified_gmt":"2020-09-29T00:15:02","slug":"se-registraron-7-nuevos-casos-positivos-con-un-total-activos-de-164","status":"publish","type":"post","link":"https:\/\/eldiariodesanpedro.com.ar\/sitio\/se-registraron-7-nuevos-casos-positivos-con-un-total-activos-de-164\/","title":{"rendered":"Se registraron 7 nuevos casos positivos con un total activos de 164"},"content":{"rendered":"<!-- VideographyWP Plugin Message: Automatic video embedding prevented by plugin options. -->\n\n<p>La Secretar\u00eda de Salud de la Municipalidad de San Pedro informa que hasta el momento se reportaron resultados de laboratorios privados, que suman 7 nuevos casos positivos en el seguimiento de la Pandemia de Covid-19.<br>Adem\u00e1s se notificaron 7 muestras negativas.<br>Hoy no se enviaron nuevas muestras, ni se cargaron nuevas altas.<br>En San Pedro al d\u00eda de la fecha se registran 164 casos activos y est\u00e1n pendientes 86 muestras.<\/p>\n\n\n\n<p>Detalle:<br>Sin resultados el d\u00eda de hoy desde el sistema p\u00fablico y mixto<\/p>\n\n\n\n<p>Laboratorios Privados: 7 casos positivos<\/p>\n\n\n\n<ul class=\"wp-block-list\"><li>En el Laboratorio del Hospital SADIV, fueron recibidas 6 muestras. Una de ellas con resultado negativo y cinco con resultado positivo correspondientes hombres de 23, 24, 33, 35 y 37 a\u00f1os.<\/li><li>2 casos positivos desde el Laboratorio de Cl\u00ednica San Pedro en mujeres de 26 y 65 a\u00f1os.<\/li><li>Desde el Sanatorio Coopser se recibieron 6 resultados negativos.<\/li><\/ul>\n\n\n\n<p>Durante la jornada se inform\u00f3 el fallecimiento de dos hombres de 71 y 75 a\u00f1os.<\/p>\n\n\n\n<p>Con esta actualizaci\u00f3n el resumen es el siguiente:<\/p>\n\n\n\n<p>RESUMEN<br>Nuevas muestras enviadas p\u00fablico-mixto: 00<br>Muestras Pendientes p\u00fablico-mixto: 86<br>Nuevas muestras negativas p\u00fablico-mixto-privado: 7<br>Nuevos Casos Positivos p\u00fablico-mixto-privado: 7<br>Total de confirmados: 902(*)<br>Total de casos activos: 164<br>Total de casos recuperados: 704<br>Total de casos fallecidos: 34<br>Total de muestras negativas sistema p\u00fablico-mixto-privado: 1291<br>(*) En este informe s\u00f3lo se incluyen los positivos confirmados con hisopado.<\/p>\n\n\n\n<p>&#x1f449; Usar tapabocas.<br>&#x1f449; Mantener la distancia m\u00ednima de 2 metros.<br>&#x1f449; Extremar la higiene de los espacios.<br>&#x1f449; Mantener las manos limpias.<\/p>\n\n\n\n<p>Se recuerda que, ante s\u00edntomas de tos seca, fiebre y dolor de garganta y la probabilidad de haber estado en contacto con enfermos o viajeros llegados desde las zonas transmisi\u00f3n local o comunitaria se puede llamar al 148 o 107.<\/p>\n\n\n\n<figure class=\"wp-block-image size-large\"><img decoding=\"async\" width=\"1024\" height=\"992\" data-attachment-id=\"81534\" data-permalink=\"https:\/\/eldiariodesanpedro.com.ar\/sitio\/se-registraron-7-nuevos-casos-positivos-con-un-total-activos-de-164\/whatsapp-image-2020-09-28-at-21-02-42\/\" data-orig-file=\"https:\/\/eldiariodesanpedro.com.ar\/sitio\/wp-content\/uploads\/2020\/09\/WhatsApp-Image-2020-09-28-at-21.02.42.jpeg\" data-orig-size=\"1280,1240\" data-comments-opened=\"1\" data-image-meta=\"{&quot;aperture&quot;:&quot;0&quot;,&quot;credit&quot;:&quot;&quot;,&quot;camera&quot;:&quot;&quot;,&quot;caption&quot;:&quot;&quot;,&quot;created_timestamp&quot;:&quot;0&quot;,&quot;copyright&quot;:&quot;&quot;,&quot;focal_length&quot;:&quot;0&quot;,&quot;iso&quot;:&quot;0&quot;,&quot;shutter_speed&quot;:&quot;0&quot;,&quot;title&quot;:&quot;&quot;,&quot;orientation&quot;:&quot;0&quot;}\" data-image-title=\"WhatsApp-Image-2020-09-28-at-21.02.42\" data-image-description=\"\" data-image-caption=\"\" data-large-file=\"https:\/\/eldiariodesanpedro.com.ar\/sitio\/wp-content\/uploads\/2020\/09\/WhatsApp-Image-2020-09-28-at-21.02.42-1024x992.jpeg\" data-src=\"https:\/\/eldiariodesanpedro.com.ar\/sitio\/wp-content\/uploads\/2020\/09\/WhatsApp-Image-2020-09-28-at-21.02.42-1024x992.jpeg\" alt=\"\" class=\"wp-image-81534 lazyload\" data-srcset=\"https:\/\/eldiariodesanpedro.com.ar\/sitio\/wp-content\/uploads\/2020\/09\/WhatsApp-Image-2020-09-28-at-21.02.42-1024x992.jpeg 1024w, https:\/\/eldiariodesanpedro.com.ar\/sitio\/wp-content\/uploads\/2020\/09\/WhatsApp-Image-2020-09-28-at-21.02.42-300x291.jpeg 300w, https:\/\/eldiariodesanpedro.com.ar\/sitio\/wp-content\/uploads\/2020\/09\/WhatsApp-Image-2020-09-28-at-21.02.42-768x744.jpeg 768w, https:\/\/eldiariodesanpedro.com.ar\/sitio\/wp-content\/uploads\/2020\/09\/WhatsApp-Image-2020-09-28-at-21.02.42.jpeg 1280w\" data-sizes=\"(max-width: 1024px) 100vw, 1024px\" src=\"data:image\/svg+xml;base64,PHN2ZyB3aWR0aD0iMSIgaGVpZ2h0PSIxIiB4bWxucz0iaHR0cDovL3d3dy53My5vcmcvMjAwMC9zdmciPjwvc3ZnPg==\" style=\"--smush-placeholder-width: 1024px; --smush-placeholder-aspect-ratio: 1024\/992;\" \/><\/figure>\n","protected":false},"excerpt":{"rendered":"<p>La Secretar\u00eda de Salud de la Municipalidad de San Pedro informa que hasta el momento se reportaron resultados de laboratorios privados, que suman 7 nuevos casos positivos en el seguimiento de la Pandemia de Covid-19.Adem\u00e1s se notificaron 7 muestras negativas.Hoy no se enviaron nuevas muestras, ni se cargaron nuevas altas.En San Pedro al d\u00eda de [&hellip;]<\/p>\n","protected":false},"author":4,"featured_media":80227,"comment_status":"open","ping_status":"closed","sticky":false,"template":"","format":"standard","meta":{"om_disable_all_campaigns":false,"_jetpack_memberships_contains_paid_content":false,"footnotes":""},"categories":[50,101,2],"tags":[197,808,696,33],"class_list":["post-81533","post","type-post","status-publish","format-standard","has-post-thumbnail","hentry","category-destacadas","category-interes-general-locales","category-locales","tag-buenos-aires","tag-coronavirus","tag-interes-general","tag-locales"],"aioseo_notices":[],"gutentor_comment":0,"jetpack_featured_media_url":"https:\/\/eldiariodesanpedro.com.ar\/sitio\/wp-content\/uploads\/2020\/08\/Test-coronavirus-2-768x510-1.jpg","jetpack_shortlink":"https:\/\/wp.me\/p6RhLt-ld3","jetpack_sharing_enabled":true,"_links":{"self":[{"href":"https:\/\/eldiariodesanpedro.com.ar\/sitio\/wp-json\/wp\/v2\/posts\/81533","targetHints":{"allow":["GET"]}}],"collection":[{"href":"https:\/\/eldiariodesanpedro.com.ar\/sitio\/wp-json\/wp\/v2\/posts"}],"about":[{"href":"https:\/\/eldiariodesanpedro.com.ar\/sitio\/wp-json\/wp\/v2\/types\/post"}],"author":[{"embeddable":true,"href":"https:\/\/eldiariodesanpedro.com.ar\/sitio\/wp-json\/wp\/v2\/users\/4"}],"replies":[{"embeddable":true,"href":"https:\/\/eldiariodesanpedro.com.ar\/sitio\/wp-json\/wp\/v2\/comments?post=81533"}],"version-history":[{"count":1,"href":"https:\/\/eldiariodesanpedro.com.ar\/sitio\/wp-json\/wp\/v2\/posts\/81533\/revisions"}],"predecessor-version":[{"id":81535,"href":"https:\/\/eldiariodesanpedro.com.ar\/sitio\/wp-json\/wp\/v2\/posts\/81533\/revisions\/81535"}],"wp:featuredmedia":[{"embeddable":true,"href":"https:\/\/eldiariodesanpedro.com.ar\/sitio\/wp-json\/wp\/v2\/media\/80227"}],"wp:attachment":[{"href":"https:\/\/eldiariodesanpedro.com.ar\/sitio\/wp-json\/wp\/v2\/media?parent=81533"}],"wp:term":[{"taxonomy":"category","embeddable":true,"href":"https:\/\/eldiariodesanpedro.com.ar\/sitio\/wp-json\/wp\/v2\/categories?post=81533"},{"taxonomy":"post_tag","embeddable":true,"href":"https:\/\/eldiariodesanpedro.com.ar\/sitio\/wp-json\/wp\/v2\/tags?post=81533"}],"curies":[{"name":"wp","href":"https:\/\/api.w.org\/{rel}","templated":true}]}}