{"id":81516,"date":"2020-09-28T17:10:23","date_gmt":"2020-09-28T20:10:23","guid":{"rendered":"https:\/\/eldiariodesanpedro.com.ar\/sitio\/?p=81516"},"modified":"2020-09-28T17:17:24","modified_gmt":"2020-09-28T20:17:24","slug":"region-sanitaria-entrego-nuevo-equipamiento-y-llegaran-dos-nuevas-camas-para-uti","status":"publish","type":"post","link":"https:\/\/eldiariodesanpedro.com.ar\/sitio\/region-sanitaria-entrego-nuevo-equipamiento-y-llegaran-dos-nuevas-camas-para-uti\/","title":{"rendered":"Regi\u00f3n Sanitaria entreg\u00f3 nuevo equipamiento y llegar\u00e1n dos nuevas camas para UTI"},"content":{"rendered":"<!-- VideographyWP Plugin Message: Automatic video embedding prevented by plugin options. -->\n\n<p>Esta ma\u00f1ana, el Intendente Municipal acompa\u00f1ado por el Secretario de Salud Dr. Guillermo Sancho e integrantes del equipo, recibieron la visita de Walter Mart\u00ednez, Director Ejecutivo de la Regi\u00f3n Sanitaria IV, y de Marcelo Rojas, Director Asociado de la Regi\u00f3n Sanitaria IV.<\/p>\n\n\n\n<p>Este nuevo encuentro fue planeado para analizar el trabajo que se viene compartiendo durante los \u00faltimos meses en el marco de la emergencia sanitaria ocasionada por la Pandemia de Covid-19.<\/p>\n\n\n\n<p>Los funcionarios provinciales destacaron el notable despliegue realizado desde la Secretar\u00eda de Salud y reconocieron la tarea de todos los que forman parte de este operativo que contin\u00faa con una alta demanda diaria.<br>Continuando con el respaldo que tambi\u00e9n vienen brindando desde el inicio de la Pandemia, fueron entregados nuevos insumos enviados desde el Ministerio de Salud de la Provincia de Buenos Aires.<\/p>\n\n\n\n<p>Se recibieron dos bombas de infusi\u00f3n y cinco monitores multiparam\u00e9tricos y se aguarda el arribo de dos nuevas camas que ser\u00e1n colocadas en la Unidad de Terapia Intensiva del Hospital, que ya est\u00e1 siendo reacondicionada para poder ampliar su capacidad. As\u00ed hab\u00eda sido anticipado por el Ministro Daniel Goll\u00e1n d\u00edas pasados en una conversaci\u00f3n con el jefe comunal.<\/p>\n\n\n\n<p>Tanto desde la Regi\u00f3n Sanitaria como desde el Ministerio se ratific\u00f3 el compromiso de seguir acompa\u00f1ando todas aquellas acciones que fortalezcan el sistema de salud local para dar respuestas a este dif\u00edcil momento que nos toca atravesar.<\/p>\n\n\n\n<p>El Intendente Salazar agradeci\u00f3 este nuevo gesto de las autoridades sanitarias y remarc\u00f3 que s\u00f3lo trabajando en conjunto se podr\u00e1n recorrer los tiempos que vienen y \u00abque nos exigen estar a todos del mismo lado para ofrecerles a nuestros vecinos la atenci\u00f3n que merecen\u00bb.<\/p>\n\n\n\n<figure class=\"wp-block-image size-large\"><img decoding=\"async\" width=\"1024\" height=\"552\" data-attachment-id=\"81521\" data-permalink=\"https:\/\/eldiariodesanpedro.com.ar\/sitio\/region-sanitaria-entrego-nuevo-equipamiento-y-llegaran-dos-nuevas-camas-para-uti\/1-16-1\/\" data-orig-file=\"https:\/\/eldiariodesanpedro.com.ar\/sitio\/wp-content\/uploads\/2020\/09\/1-16-1-scaled.jpg\" data-orig-size=\"2560,1380\" data-comments-opened=\"1\" data-image-meta=\"{&quot;aperture&quot;:&quot;4&quot;,&quot;credit&quot;:&quot;&quot;,&quot;camera&quot;:&quot;Canon EOS 5D Mark III&quot;,&quot;caption&quot;:&quot;&quot;,&quot;created_timestamp&quot;:&quot;1608982451&quot;,&quot;copyright&quot;:&quot;&quot;,&quot;focal_length&quot;:&quot;24&quot;,&quot;iso&quot;:&quot;1600&quot;,&quot;shutter_speed&quot;:&quot;0.016666666666667&quot;,&quot;title&quot;:&quot;&quot;,&quot;orientation&quot;:&quot;0&quot;}\" data-image-title=\"1-16-1\" data-image-description=\"\" data-image-caption=\"\" data-large-file=\"https:\/\/eldiariodesanpedro.com.ar\/sitio\/wp-content\/uploads\/2020\/09\/1-16-1-1024x552.jpg\" data-src=\"https:\/\/eldiariodesanpedro.com.ar\/sitio\/wp-content\/uploads\/2020\/09\/1-16-1-1024x552.jpg\" alt=\"\" class=\"wp-image-81521 lazyload\" data-srcset=\"https:\/\/eldiariodesanpedro.com.ar\/sitio\/wp-content\/uploads\/2020\/09\/1-16-1-1024x552.jpg 1024w, https:\/\/eldiariodesanpedro.com.ar\/sitio\/wp-content\/uploads\/2020\/09\/1-16-1-300x162.jpg 300w, https:\/\/eldiariodesanpedro.com.ar\/sitio\/wp-content\/uploads\/2020\/09\/1-16-1-768x414.jpg 768w, https:\/\/eldiariodesanpedro.com.ar\/sitio\/wp-content\/uploads\/2020\/09\/1-16-1-1536x828.jpg 1536w, https:\/\/eldiariodesanpedro.com.ar\/sitio\/wp-content\/uploads\/2020\/09\/1-16-1-2048x1104.jpg 2048w\" data-sizes=\"(max-width: 1024px) 100vw, 1024px\" src=\"data:image\/svg+xml;base64,PHN2ZyB3aWR0aD0iMSIgaGVpZ2h0PSIxIiB4bWxucz0iaHR0cDovL3d3dy53My5vcmcvMjAwMC9zdmciPjwvc3ZnPg==\" style=\"--smush-placeholder-width: 1024px; --smush-placeholder-aspect-ratio: 1024\/552;\" \/><\/figure>\n\n\n\n<figure class=\"wp-block-image size-large\"><img decoding=\"async\" width=\"1024\" height=\"492\" data-attachment-id=\"81519\" data-permalink=\"https:\/\/eldiariodesanpedro.com.ar\/sitio\/region-sanitaria-entrego-nuevo-equipamiento-y-llegaran-dos-nuevas-camas-para-uti\/4-6-2\/\" data-orig-file=\"https:\/\/eldiariodesanpedro.com.ar\/sitio\/wp-content\/uploads\/2020\/09\/4-6-scaled.jpg\" data-orig-size=\"2560,1231\" data-comments-opened=\"1\" data-image-meta=\"{&quot;aperture&quot;:&quot;4&quot;,&quot;credit&quot;:&quot;&quot;,&quot;camera&quot;:&quot;Canon EOS 5D Mark III&quot;,&quot;caption&quot;:&quot;&quot;,&quot;created_timestamp&quot;:&quot;1608981327&quot;,&quot;copyright&quot;:&quot;&quot;,&quot;focal_length&quot;:&quot;24&quot;,&quot;iso&quot;:&quot;1600&quot;,&quot;shutter_speed&quot;:&quot;0.033333333333333&quot;,&quot;title&quot;:&quot;&quot;,&quot;orientation&quot;:&quot;0&quot;}\" data-image-title=\"4 (6)\" data-image-description=\"\" data-image-caption=\"\" data-large-file=\"https:\/\/eldiariodesanpedro.com.ar\/sitio\/wp-content\/uploads\/2020\/09\/4-6-1024x492.jpg\" data-src=\"https:\/\/eldiariodesanpedro.com.ar\/sitio\/wp-content\/uploads\/2020\/09\/4-6-1024x492.jpg\" alt=\"\" class=\"wp-image-81519 lazyload\" data-srcset=\"https:\/\/eldiariodesanpedro.com.ar\/sitio\/wp-content\/uploads\/2020\/09\/4-6-1024x492.jpg 1024w, https:\/\/eldiariodesanpedro.com.ar\/sitio\/wp-content\/uploads\/2020\/09\/4-6-300x144.jpg 300w, https:\/\/eldiariodesanpedro.com.ar\/sitio\/wp-content\/uploads\/2020\/09\/4-6-768x369.jpg 768w, https:\/\/eldiariodesanpedro.com.ar\/sitio\/wp-content\/uploads\/2020\/09\/4-6-1536x739.jpg 1536w, https:\/\/eldiariodesanpedro.com.ar\/sitio\/wp-content\/uploads\/2020\/09\/4-6-2048x985.jpg 2048w\" data-sizes=\"(max-width: 1024px) 100vw, 1024px\" src=\"data:image\/svg+xml;base64,PHN2ZyB3aWR0aD0iMSIgaGVpZ2h0PSIxIiB4bWxucz0iaHR0cDovL3d3dy53My5vcmcvMjAwMC9zdmciPjwvc3ZnPg==\" style=\"--smush-placeholder-width: 1024px; --smush-placeholder-aspect-ratio: 1024\/492;\" \/><\/figure>\n","protected":false},"excerpt":{"rendered":"<p>Esta ma\u00f1ana, el Intendente Municipal acompa\u00f1ado por el Secretario de Salud Dr. Guillermo Sancho e integrantes del equipo, recibieron la visita de Walter Mart\u00ednez, Director Ejecutivo de la Regi\u00f3n Sanitaria IV, y de Marcelo Rojas, Director Asociado de la Regi\u00f3n Sanitaria IV. Este nuevo encuentro fue planeado para analizar el trabajo que se viene compartiendo [&hellip;]<\/p>\n","protected":false},"author":4,"featured_media":81518,"comment_status":"open","ping_status":"closed","sticky":false,"template":"","format":"standard","meta":{"om_disable_all_campaigns":false,"_jetpack_memberships_contains_paid_content":false,"footnotes":""},"categories":[101,2],"tags":[],"class_list":["post-81516","post","type-post","status-publish","format-standard","has-post-thumbnail","hentry","category-interes-general-locales","category-locales"],"aioseo_notices":[],"gutentor_comment":0,"jetpack_featured_media_url":"https:\/\/eldiariodesanpedro.com.ar\/sitio\/wp-content\/uploads\/2020\/09\/BI4A7417-scaled.jpg","jetpack_shortlink":"https:\/\/wp.me\/p6RhLt-lcM","jetpack_sharing_enabled":true,"_links":{"self":[{"href":"https:\/\/eldiariodesanpedro.com.ar\/sitio\/wp-json\/wp\/v2\/posts\/81516","targetHints":{"allow":["GET"]}}],"collection":[{"href":"https:\/\/eldiariodesanpedro.com.ar\/sitio\/wp-json\/wp\/v2\/posts"}],"about":[{"href":"https:\/\/eldiariodesanpedro.com.ar\/sitio\/wp-json\/wp\/v2\/types\/post"}],"author":[{"embeddable":true,"href":"https:\/\/eldiariodesanpedro.com.ar\/sitio\/wp-json\/wp\/v2\/users\/4"}],"replies":[{"embeddable":true,"href":"https:\/\/eldiariodesanpedro.com.ar\/sitio\/wp-json\/wp\/v2\/comments?post=81516"}],"version-history":[{"count":2,"href":"https:\/\/eldiariodesanpedro.com.ar\/sitio\/wp-json\/wp\/v2\/posts\/81516\/revisions"}],"predecessor-version":[{"id":81523,"href":"https:\/\/eldiariodesanpedro.com.ar\/sitio\/wp-json\/wp\/v2\/posts\/81516\/revisions\/81523"}],"wp:featuredmedia":[{"embeddable":true,"href":"https:\/\/eldiariodesanpedro.com.ar\/sitio\/wp-json\/wp\/v2\/media\/81518"}],"wp:attachment":[{"href":"https:\/\/eldiariodesanpedro.com.ar\/sitio\/wp-json\/wp\/v2\/media?parent=81516"}],"wp:term":[{"taxonomy":"category","embeddable":true,"href":"https:\/\/eldiariodesanpedro.com.ar\/sitio\/wp-json\/wp\/v2\/categories?post=81516"},{"taxonomy":"post_tag","embeddable":true,"href":"https:\/\/eldiariodesanpedro.com.ar\/sitio\/wp-json\/wp\/v2\/tags?post=81516"}],"curies":[{"name":"wp","href":"https:\/\/api.w.org\/{rel}","templated":true}]}}