{"id":81512,"date":"2020-09-28T12:04:44","date_gmt":"2020-09-28T15:04:44","guid":{"rendered":"https:\/\/eldiariodesanpedro.com.ar\/sitio\/?p=81512"},"modified":"2020-09-28T12:04:48","modified_gmt":"2020-09-28T15:04:48","slug":"el-circulo-medico-se-solidarizo-con-el-dr-pablo-palacios-por-hecho-de-violencia","status":"publish","type":"post","link":"https:\/\/eldiariodesanpedro.com.ar\/sitio\/el-circulo-medico-se-solidarizo-con-el-dr-pablo-palacios-por-hecho-de-violencia\/","title":{"rendered":"El Circulo Medico se solidarizo con el Dr. Pablo Palacios por hecho de violencia"},"content":{"rendered":"<!-- VideographyWP Plugin Message: Automatic video embedding prevented by plugin options. -->\n\n<p>La Asociaci\u00f3n C\u00edrculo M\u00e9dico de San Pedro comparte con la comunidad la preocupaci\u00f3n ante un nuevo episodio violento sufrido por un profesional de la salud, durante la concurrencia a prestar un servicio de emergencia.<\/p>\n\n\n\n<p>Expresamos nuestra solidaridad con el Dr. Pablo Palacios, m\u00e9dico de guardia del Hospital, quien ante un llamado al SAME local fue v\u00edctima de un hecho violento que se suma a otros que lamentablemente se vienen repitiendo.<\/p>\n\n\n\n<p>Volvemos a hacer un llamado a la reflexi\u00f3n de todos ante los dif\u00edciles d\u00edas que nos toca vivir y nuevamente rechazamos este tipo de actitudes, que en cualquier \u00e1mbito, nos perjudican a todos.<\/p>\n","protected":false},"excerpt":{"rendered":"<p>La Asociaci\u00f3n C\u00edrculo M\u00e9dico de San Pedro comparte con la comunidad la preocupaci\u00f3n ante un nuevo episodio violento sufrido por un profesional de la salud, durante la concurrencia a prestar un servicio de emergencia. Expresamos nuestra solidaridad con el Dr. Pablo Palacios, m\u00e9dico de guardia del Hospital, quien ante un llamado al SAME local fue [&hellip;]<\/p>\n","protected":false},"author":4,"featured_media":81513,"comment_status":"open","ping_status":"closed","sticky":false,"template":"","format":"standard","meta":{"om_disable_all_campaigns":false,"_jetpack_memberships_contains_paid_content":false,"footnotes":""},"categories":[101,2],"tags":[197,696,33,19],"class_list":["post-81512","post","type-post","status-publish","format-standard","has-post-thumbnail","hentry","category-interes-general-locales","category-locales","tag-buenos-aires","tag-interes-general","tag-locales","tag-san-pedro"],"aioseo_notices":[],"gutentor_comment":0,"jetpack_featured_media_url":"https:\/\/eldiariodesanpedro.com.ar\/sitio\/wp-content\/uploads\/2020\/09\/circulo_medico.jpg","jetpack_shortlink":"https:\/\/wp.me\/p6RhLt-lcI","jetpack_sharing_enabled":true,"_links":{"self":[{"href":"https:\/\/eldiariodesanpedro.com.ar\/sitio\/wp-json\/wp\/v2\/posts\/81512","targetHints":{"allow":["GET"]}}],"collection":[{"href":"https:\/\/eldiariodesanpedro.com.ar\/sitio\/wp-json\/wp\/v2\/posts"}],"about":[{"href":"https:\/\/eldiariodesanpedro.com.ar\/sitio\/wp-json\/wp\/v2\/types\/post"}],"author":[{"embeddable":true,"href":"https:\/\/eldiariodesanpedro.com.ar\/sitio\/wp-json\/wp\/v2\/users\/4"}],"replies":[{"embeddable":true,"href":"https:\/\/eldiariodesanpedro.com.ar\/sitio\/wp-json\/wp\/v2\/comments?post=81512"}],"version-history":[{"count":1,"href":"https:\/\/eldiariodesanpedro.com.ar\/sitio\/wp-json\/wp\/v2\/posts\/81512\/revisions"}],"predecessor-version":[{"id":81514,"href":"https:\/\/eldiariodesanpedro.com.ar\/sitio\/wp-json\/wp\/v2\/posts\/81512\/revisions\/81514"}],"wp:featuredmedia":[{"embeddable":true,"href":"https:\/\/eldiariodesanpedro.com.ar\/sitio\/wp-json\/wp\/v2\/media\/81513"}],"wp:attachment":[{"href":"https:\/\/eldiariodesanpedro.com.ar\/sitio\/wp-json\/wp\/v2\/media?parent=81512"}],"wp:term":[{"taxonomy":"category","embeddable":true,"href":"https:\/\/eldiariodesanpedro.com.ar\/sitio\/wp-json\/wp\/v2\/categories?post=81512"},{"taxonomy":"post_tag","embeddable":true,"href":"https:\/\/eldiariodesanpedro.com.ar\/sitio\/wp-json\/wp\/v2\/tags?post=81512"}],"curies":[{"name":"wp","href":"https:\/\/api.w.org\/{rel}","templated":true}]}}