{"id":81501,"date":"2020-09-28T10:41:19","date_gmt":"2020-09-28T13:41:19","guid":{"rendered":"https:\/\/eldiariodesanpedro.com.ar\/sitio\/?p=81501"},"modified":"2020-09-28T10:41:23","modified_gmt":"2020-09-28T13:41:23","slug":"morro-iglesias-fue-septimo-en-la-final-del-tcm","status":"publish","type":"post","link":"https:\/\/eldiariodesanpedro.com.ar\/sitio\/morro-iglesias-fue-septimo-en-la-final-del-tcm\/","title":{"rendered":"\u00abMorro\u00bb Iglesias fue s\u00e9ptimo en la final del TCM"},"content":{"rendered":"<!-- VideographyWP Plugin Message: Automatic video embedding prevented by plugin options. -->\n\n<p>Fue en la cuarta fecha del campeonato que se corri\u00f3 en San Nicol\u00e1s y donde el sampedrino\u00a0se interpuso a todo para llegar y avanzar hasta el octavo lugar del certamen.\u00a0<\/p>\n\n\n\n<p>Por la cuarta fecha del TC Mouras el piloto sampedrino Fernando \u00abMorro\u00bb Iglesias se clasific\u00f3 s\u00e9ptimo\u00a0en la final disputada el domingo al mediod\u00eda en el aut\u00f3dromo de la ciudad de San Nicol\u00e1s.<\/p>\n\n\n\n<p>El Chevrolet de Iglesias tuvo un andar irregular y estuvo lejos de los esperado aunque mejor\u00f3 notablemente si se lo compara con lo&nbsp;realizado hace siete d\u00edas atr\u00e1s cuando se corri\u00f3 en el mismo trazado.<\/p>\n\n\n\n<p>Despu\u00e9s de las pruebas y una serie donde el motor no rend\u00eda lo esperado, \u00abMorro\u00bb sac\u00f3 fuerzas de todos lados para defender su posici\u00f3n&nbsp;en la final y se gan\u00f3 un merecido s\u00e9ptimo lugar.<br>Iv\u00e1n Ramos, el piloto de Torino, gan\u00f3 la final del TC Mouras en San Nicol\u00e1s. Ian Reutemann (Dodge) y Juan Manuel Tomasello (Chevrolet) completaron el podio, respectivamente.<\/p>\n\n\n\n<p>A la vez esta ubicaci\u00f3n le permiti\u00f3 a Iglesias llegar al octavo lugar en el campeonato.\u00a0<\/p>\n\n\n\n<p>Fuente: <a href=\"https:\/\/www.sanpedroinforma.com.ar\/nota\/123689\/deportes\/morro-iglesias-fue-septimo-en-la-final-del-tcm.html\">San Pedro informa<\/a><\/p>\n","protected":false},"excerpt":{"rendered":"<p>Fue en la cuarta fecha del campeonato que se corri\u00f3 en San Nicol\u00e1s y donde el sampedrino\u00a0se interpuso a todo para llegar y avanzar hasta el octavo lugar del certamen.\u00a0 Por la cuarta fecha del TC Mouras el piloto sampedrino Fernando \u00abMorro\u00bb Iglesias se clasific\u00f3 s\u00e9ptimo\u00a0en la final disputada el domingo al mediod\u00eda en el [&hellip;]<\/p>\n","protected":false},"author":4,"featured_media":81502,"comment_status":"open","ping_status":"closed","sticky":false,"template":"","format":"standard","meta":{"om_disable_all_campaigns":false,"_jetpack_memberships_contains_paid_content":false,"footnotes":""},"categories":[101,2],"tags":[197,696,33],"class_list":["post-81501","post","type-post","status-publish","format-standard","has-post-thumbnail","hentry","category-interes-general-locales","category-locales","tag-buenos-aires","tag-interes-general","tag-locales"],"aioseo_notices":[],"gutentor_comment":0,"jetpack_featured_media_url":"https:\/\/eldiariodesanpedro.com.ar\/sitio\/wp-content\/uploads\/2020\/09\/000087244.jpg","jetpack_shortlink":"https:\/\/wp.me\/p6RhLt-lcx","jetpack_sharing_enabled":true,"_links":{"self":[{"href":"https:\/\/eldiariodesanpedro.com.ar\/sitio\/wp-json\/wp\/v2\/posts\/81501","targetHints":{"allow":["GET"]}}],"collection":[{"href":"https:\/\/eldiariodesanpedro.com.ar\/sitio\/wp-json\/wp\/v2\/posts"}],"about":[{"href":"https:\/\/eldiariodesanpedro.com.ar\/sitio\/wp-json\/wp\/v2\/types\/post"}],"author":[{"embeddable":true,"href":"https:\/\/eldiariodesanpedro.com.ar\/sitio\/wp-json\/wp\/v2\/users\/4"}],"replies":[{"embeddable":true,"href":"https:\/\/eldiariodesanpedro.com.ar\/sitio\/wp-json\/wp\/v2\/comments?post=81501"}],"version-history":[{"count":1,"href":"https:\/\/eldiariodesanpedro.com.ar\/sitio\/wp-json\/wp\/v2\/posts\/81501\/revisions"}],"predecessor-version":[{"id":81503,"href":"https:\/\/eldiariodesanpedro.com.ar\/sitio\/wp-json\/wp\/v2\/posts\/81501\/revisions\/81503"}],"wp:featuredmedia":[{"embeddable":true,"href":"https:\/\/eldiariodesanpedro.com.ar\/sitio\/wp-json\/wp\/v2\/media\/81502"}],"wp:attachment":[{"href":"https:\/\/eldiariodesanpedro.com.ar\/sitio\/wp-json\/wp\/v2\/media?parent=81501"}],"wp:term":[{"taxonomy":"category","embeddable":true,"href":"https:\/\/eldiariodesanpedro.com.ar\/sitio\/wp-json\/wp\/v2\/categories?post=81501"},{"taxonomy":"post_tag","embeddable":true,"href":"https:\/\/eldiariodesanpedro.com.ar\/sitio\/wp-json\/wp\/v2\/tags?post=81501"}],"curies":[{"name":"wp","href":"https:\/\/api.w.org\/{rel}","templated":true}]}}