{"id":81498,"date":"2020-09-28T10:38:59","date_gmt":"2020-09-28T13:38:59","guid":{"rendered":"https:\/\/eldiariodesanpedro.com.ar\/sitio\/?p=81498"},"modified":"2020-09-28T10:39:03","modified_gmt":"2020-09-28T13:39:03","slug":"el-temporal-dejo-sin-techo-al-cec-802","status":"publish","type":"post","link":"https:\/\/eldiariodesanpedro.com.ar\/sitio\/el-temporal-dejo-sin-techo-al-cec-802\/","title":{"rendered":"El temporal dej\u00f3 sin techo al CEC 802"},"content":{"rendered":"<!-- VideographyWP Plugin Message: Automatic video embedding prevented by plugin options. -->\n\n<p>Las fuertes r\u00e1fagas de viento que azotaron la ciudad dejaron inutilizable el establecimiento del barrio Villa Dipietri.<\/p>\n\n\n\n<p>La lluvia, el granizo y las violentas r\u00e1fagas de viento que afect\u00f3 la ciudad durante la madrugada provocaron importantes da\u00f1os en distintos puntos de la ciudad.<\/p>\n\n\n\n<p>Uno de los sectores m\u00e1s afectados fue el barrio Villa Dipietri, donde se encuentra ubicado el CEC 802 que est\u00e1 pronto a mudarse.<\/p>\n\n\n\n<p>El viento provoc\u00f3 la voladura total del techo del establecimiento lo que a la vez lo dej\u00f3 inutilizable para cualquier tipo de actividad que se pretenda realizar. Las chapas retorcidas volaron para las casas vecinas y el personal del Consejo Escolar junto a docentes y Obras P\u00fablicas trabajaban para recomponer el lugar hasta donde se pueda.<\/p>\n\n\n\n<p>De todos modos los da\u00f1os en el techo provoc\u00f3 importantes inconvenientes en el interior del edificio.\u00a0<\/p>\n\n\n\n<p>Fuente: <a href=\"https:\/\/www.sanpedroinforma.com.ar\/nota\/123687\/interes-general\/el-temporal-dejo-sin-techo-al-cec-802.html\">San Pedro Informa<\/a><\/p>\n","protected":false},"excerpt":{"rendered":"<p>Las fuertes r\u00e1fagas de viento que azotaron la ciudad dejaron inutilizable el establecimiento del barrio Villa Dipietri. La lluvia, el granizo y las violentas r\u00e1fagas de viento que afect\u00f3 la ciudad durante la madrugada provocaron importantes da\u00f1os en distintos puntos de la ciudad. Uno de los sectores m\u00e1s afectados fue el barrio Villa Dipietri, donde [&hellip;]<\/p>\n","protected":false},"author":4,"featured_media":81499,"comment_status":"open","ping_status":"closed","sticky":false,"template":"","format":"standard","meta":{"om_disable_all_campaigns":false,"_jetpack_memberships_contains_paid_content":false,"footnotes":""},"categories":[50,101,2],"tags":[197,696,33,19],"class_list":["post-81498","post","type-post","status-publish","format-standard","has-post-thumbnail","hentry","category-destacadas","category-interes-general-locales","category-locales","tag-buenos-aires","tag-interes-general","tag-locales","tag-san-pedro"],"aioseo_notices":[],"gutentor_comment":0,"jetpack_featured_media_url":"https:\/\/eldiariodesanpedro.com.ar\/sitio\/wp-content\/uploads\/2020\/09\/000087228.jpg","jetpack_shortlink":"https:\/\/wp.me\/p6RhLt-lcu","jetpack_sharing_enabled":true,"_links":{"self":[{"href":"https:\/\/eldiariodesanpedro.com.ar\/sitio\/wp-json\/wp\/v2\/posts\/81498","targetHints":{"allow":["GET"]}}],"collection":[{"href":"https:\/\/eldiariodesanpedro.com.ar\/sitio\/wp-json\/wp\/v2\/posts"}],"about":[{"href":"https:\/\/eldiariodesanpedro.com.ar\/sitio\/wp-json\/wp\/v2\/types\/post"}],"author":[{"embeddable":true,"href":"https:\/\/eldiariodesanpedro.com.ar\/sitio\/wp-json\/wp\/v2\/users\/4"}],"replies":[{"embeddable":true,"href":"https:\/\/eldiariodesanpedro.com.ar\/sitio\/wp-json\/wp\/v2\/comments?post=81498"}],"version-history":[{"count":1,"href":"https:\/\/eldiariodesanpedro.com.ar\/sitio\/wp-json\/wp\/v2\/posts\/81498\/revisions"}],"predecessor-version":[{"id":81500,"href":"https:\/\/eldiariodesanpedro.com.ar\/sitio\/wp-json\/wp\/v2\/posts\/81498\/revisions\/81500"}],"wp:featuredmedia":[{"embeddable":true,"href":"https:\/\/eldiariodesanpedro.com.ar\/sitio\/wp-json\/wp\/v2\/media\/81499"}],"wp:attachment":[{"href":"https:\/\/eldiariodesanpedro.com.ar\/sitio\/wp-json\/wp\/v2\/media?parent=81498"}],"wp:term":[{"taxonomy":"category","embeddable":true,"href":"https:\/\/eldiariodesanpedro.com.ar\/sitio\/wp-json\/wp\/v2\/categories?post=81498"},{"taxonomy":"post_tag","embeddable":true,"href":"https:\/\/eldiariodesanpedro.com.ar\/sitio\/wp-json\/wp\/v2\/tags?post=81498"}],"curies":[{"name":"wp","href":"https:\/\/api.w.org\/{rel}","templated":true}]}}