{"id":81495,"date":"2020-09-28T10:34:28","date_gmt":"2020-09-28T13:34:28","guid":{"rendered":"https:\/\/eldiariodesanpedro.com.ar\/sitio\/?p=81495"},"modified":"2020-09-28T10:34:32","modified_gmt":"2020-09-28T13:34:32","slug":"caso-insaurralde-analizando-el-video-vemos-a-otros-participantes","status":"publish","type":"post","link":"https:\/\/eldiariodesanpedro.com.ar\/sitio\/caso-insaurralde-analizando-el-video-vemos-a-otros-participantes\/","title":{"rendered":"Caso Insaurralde: \u201cAnalizando el video vemos a otros participantes\u201d"},"content":{"rendered":"<!-- VideographyWP Plugin Message: Automatic video embedding prevented by plugin options. -->\n\n<p>La titular de la Ufi 7 confirm\u00f3 que trabajan en otras l\u00edneas de investigaci\u00f3n para dar con todos los integrantes de la banda que asesin\u00f3 al transportista.<\/p>\n\n\n\n<p>La fiscal Mar\u00eda del Valle Viviani trabaja incansablemente junto a su equipo para poder esclarecer el asesinato de N\u00e9stor Insaurralde, el chofer de 25 a\u00f1os que fue abordado por un grupo de delincuentes el pasado 11 de septiembre y lo mataron de un disparo en la cabeza.<\/p>\n\n\n\n<p>La v\u00edctima estaba en pareja, ten\u00eda una hija y viv\u00eda en Virrey del Pino, partido de La Matanza. Trabajaba como repartidor para la empresa de colchones Erway, ubicada en Cuartel V de la localidad de Moreno, y se dirig\u00eda a dejar un cargamento de almohadas en la ciudad de C\u00f3rdoba.<\/p>\n\n\n\n<p>La Dra. Viviani adelant\u00f3 en el aire de FM G\u00e9nesis que ampliaron la investigaci\u00f3n para sumar datos que sirvan para justificar la imputaci\u00f3n de los sospechosos y dar con sus c\u00f3mplices.<\/p>\n\n\n\n<p>\u201cHay dos personas detenidas y estamos buscando a otras personas porque analizando el video vemos a otros participantes pero estamos en plena investigaci\u00f3n\u201d, se\u00f1al\u00f3 la profesional.<\/p>\n\n\n\n<p>\u201cTengo un compromiso con la familia Insaurralde de resolver el caso y estoy en contacto con la esposa para ir pas\u00e1ndoles las novedades que vayan surgiendo\u201d, cont\u00f3.<\/p>\n\n\n\n<p>\u201cTenemos a dos personas detenidas pero debemos corroborar pruebas para poder sostener la imputaci\u00f3n a las dos personas que est\u00e1n detenidas\u201d.<\/p>\n\n\n\n<p>\u201cDe todos modos en sus casas encontramos armas, les hicimos el dermotest y tenemos las huellas de manos en el cami\u00f3n que se corroboran con la secuencia de cuando corren alrededor del cami\u00f3n\u201d.<\/p>\n\n\n\n<p>Sobre lo ocurrido la madrugada del asesinato la fiscal se\u00f1al\u00f3: \u201cEstimamos que pone en marcha el cami\u00f3n y ah\u00ed le disparan, y con el \u00faltimo impulso arranca y queda ah\u00ed nom\u00e1s\u201d.\u00a0<\/p>\n\n\n\n<p>Fuente: San Pedro<\/p>\n","protected":false},"excerpt":{"rendered":"<p>La titular de la Ufi 7 confirm\u00f3 que trabajan en otras l\u00edneas de investigaci\u00f3n para dar con todos los integrantes de la banda que asesin\u00f3 al transportista. La fiscal Mar\u00eda del Valle Viviani trabaja incansablemente junto a su equipo para poder esclarecer el asesinato de N\u00e9stor Insaurralde, el chofer de 25 a\u00f1os que fue abordado [&hellip;]<\/p>\n","protected":false},"author":4,"featured_media":81496,"comment_status":"open","ping_status":"closed","sticky":false,"template":"","format":"standard","meta":{"om_disable_all_campaigns":false,"_jetpack_memberships_contains_paid_content":false,"footnotes":""},"categories":[2],"tags":[],"class_list":["post-81495","post","type-post","status-publish","format-standard","has-post-thumbnail","hentry","category-locales"],"aioseo_notices":[],"gutentor_comment":0,"jetpack_featured_media_url":"https:\/\/eldiariodesanpedro.com.ar\/sitio\/wp-content\/uploads\/2020\/09\/000087220.jpg","jetpack_shortlink":"https:\/\/wp.me\/p6RhLt-lcr","jetpack_sharing_enabled":true,"_links":{"self":[{"href":"https:\/\/eldiariodesanpedro.com.ar\/sitio\/wp-json\/wp\/v2\/posts\/81495","targetHints":{"allow":["GET"]}}],"collection":[{"href":"https:\/\/eldiariodesanpedro.com.ar\/sitio\/wp-json\/wp\/v2\/posts"}],"about":[{"href":"https:\/\/eldiariodesanpedro.com.ar\/sitio\/wp-json\/wp\/v2\/types\/post"}],"author":[{"embeddable":true,"href":"https:\/\/eldiariodesanpedro.com.ar\/sitio\/wp-json\/wp\/v2\/users\/4"}],"replies":[{"embeddable":true,"href":"https:\/\/eldiariodesanpedro.com.ar\/sitio\/wp-json\/wp\/v2\/comments?post=81495"}],"version-history":[{"count":1,"href":"https:\/\/eldiariodesanpedro.com.ar\/sitio\/wp-json\/wp\/v2\/posts\/81495\/revisions"}],"predecessor-version":[{"id":81497,"href":"https:\/\/eldiariodesanpedro.com.ar\/sitio\/wp-json\/wp\/v2\/posts\/81495\/revisions\/81497"}],"wp:featuredmedia":[{"embeddable":true,"href":"https:\/\/eldiariodesanpedro.com.ar\/sitio\/wp-json\/wp\/v2\/media\/81496"}],"wp:attachment":[{"href":"https:\/\/eldiariodesanpedro.com.ar\/sitio\/wp-json\/wp\/v2\/media?parent=81495"}],"wp:term":[{"taxonomy":"category","embeddable":true,"href":"https:\/\/eldiariodesanpedro.com.ar\/sitio\/wp-json\/wp\/v2\/categories?post=81495"},{"taxonomy":"post_tag","embeddable":true,"href":"https:\/\/eldiariodesanpedro.com.ar\/sitio\/wp-json\/wp\/v2\/tags?post=81495"}],"curies":[{"name":"wp","href":"https:\/\/api.w.org\/{rel}","templated":true}]}}