{"id":81492,"date":"2020-09-28T10:05:41","date_gmt":"2020-09-28T13:05:41","guid":{"rendered":"https:\/\/eldiariodesanpedro.com.ar\/sitio\/?p=81492"},"modified":"2020-09-28T17:24:43","modified_gmt":"2020-09-28T20:24:43","slug":"tres-jovenes-heridos-en-violento-accidente-de-transito","status":"publish","type":"post","link":"https:\/\/eldiariodesanpedro.com.ar\/sitio\/tres-jovenes-heridos-en-violento-accidente-de-transito\/","title":{"rendered":"Tres j\u00f3venes heridos en violento accidente de tr\u00e1nsito"},"content":{"rendered":"<!-- VideographyWP Plugin Message: Automatic video embedding prevented by plugin options. -->\n\n<p>Sucedi\u00f3 en la noche del s\u00e1bado cuando el auto en el que viajaban se despist\u00f3 en inmediaciones de Cro. Gral. Belgrano y Ruta 1001.<\/p>\n\n\n\n<p>En un violento accidente de tr\u00e1nsito acontecido en la noche del s\u00e1bado tres personas resultaron heridas de diversa consideraci\u00f3n.<\/p>\n\n\n\n<p>El Renault Logan de color gris dominio IQW 544, por cuestiones que se desconocen, se sali\u00f3 de la calzada e impact\u00f3 violentamente contra uno de los zanjones que se encuentran sobre los laterales.<\/p>\n\n\n\n<p>&nbsp;El rodado era&nbsp;ocupado por su conductor, Richard Ib\u00e1\u00f1ez Medina, de 25 a\u00f1os, de nacionalidad paraguaya; Isidro Ben\u00edtez Aranda de 35, tambi\u00e9n paraguayo, y Hugo Rodr\u00edguez de 39 oriundo de la provincia de Corrientes; los tres fueron asistidos por el servicio de emergencias Same y trasladados a la guardia del Hospital \u00abRuffa\u00bb.&nbsp;<\/p>\n\n\n\n<p><br>Al conductor del rodado se le diagn\u00f3stico una herida grave al sufrir la fractura de clav\u00edcula. El resto presentaban heridas menores.<\/p>\n\n\n\n<p>Fuente: <a href=\"https:\/\/www.sanpedroinforma.com.ar\/nota\/123688\/interes-general\/tres-jovenes-heridos-en-violento-accidente-de-transito.html\">San Pedro Informa<\/a><\/p>\n","protected":false},"excerpt":{"rendered":"<p>Sucedi\u00f3 en la noche del s\u00e1bado cuando el auto en el que viajaban se despist\u00f3 en inmediaciones de Cro. Gral. Belgrano y Ruta 1001. En un violento accidente de tr\u00e1nsito acontecido en la noche del s\u00e1bado tres personas resultaron heridas de diversa consideraci\u00f3n. El Renault Logan de color gris dominio IQW 544, por cuestiones que [&hellip;]<\/p>\n","protected":false},"author":4,"featured_media":79647,"comment_status":"open","ping_status":"closed","sticky":false,"template":"","format":"standard","meta":{"om_disable_all_campaigns":false,"_jetpack_memberships_contains_paid_content":false,"footnotes":""},"categories":[2,103],"tags":[24,197,696,33],"class_list":["post-81492","post","type-post","status-publish","format-standard","has-post-thumbnail","hentry","category-locales","category-policiales-locales","tag-accidente","tag-buenos-aires","tag-interes-general","tag-locales"],"aioseo_notices":[],"gutentor_comment":0,"jetpack_featured_media_url":"https:\/\/eldiariodesanpedro.com.ar\/sitio\/wp-content\/uploads\/2020\/08\/same.jpg","jetpack_shortlink":"https:\/\/wp.me\/p6RhLt-lco","jetpack_sharing_enabled":true,"_links":{"self":[{"href":"https:\/\/eldiariodesanpedro.com.ar\/sitio\/wp-json\/wp\/v2\/posts\/81492","targetHints":{"allow":["GET"]}}],"collection":[{"href":"https:\/\/eldiariodesanpedro.com.ar\/sitio\/wp-json\/wp\/v2\/posts"}],"about":[{"href":"https:\/\/eldiariodesanpedro.com.ar\/sitio\/wp-json\/wp\/v2\/types\/post"}],"author":[{"embeddable":true,"href":"https:\/\/eldiariodesanpedro.com.ar\/sitio\/wp-json\/wp\/v2\/users\/4"}],"replies":[{"embeddable":true,"href":"https:\/\/eldiariodesanpedro.com.ar\/sitio\/wp-json\/wp\/v2\/comments?post=81492"}],"version-history":[{"count":1,"href":"https:\/\/eldiariodesanpedro.com.ar\/sitio\/wp-json\/wp\/v2\/posts\/81492\/revisions"}],"predecessor-version":[{"id":81494,"href":"https:\/\/eldiariodesanpedro.com.ar\/sitio\/wp-json\/wp\/v2\/posts\/81492\/revisions\/81494"}],"wp:featuredmedia":[{"embeddable":true,"href":"https:\/\/eldiariodesanpedro.com.ar\/sitio\/wp-json\/wp\/v2\/media\/79647"}],"wp:attachment":[{"href":"https:\/\/eldiariodesanpedro.com.ar\/sitio\/wp-json\/wp\/v2\/media?parent=81492"}],"wp:term":[{"taxonomy":"category","embeddable":true,"href":"https:\/\/eldiariodesanpedro.com.ar\/sitio\/wp-json\/wp\/v2\/categories?post=81492"},{"taxonomy":"post_tag","embeddable":true,"href":"https:\/\/eldiariodesanpedro.com.ar\/sitio\/wp-json\/wp\/v2\/tags?post=81492"}],"curies":[{"name":"wp","href":"https:\/\/api.w.org\/{rel}","templated":true}]}}