{"id":81489,"date":"2020-09-28T10:02:51","date_gmt":"2020-09-28T13:02:51","guid":{"rendered":"https:\/\/eldiariodesanpedro.com.ar\/sitio\/?p=81489"},"modified":"2020-09-28T10:02:55","modified_gmt":"2020-09-28T13:02:55","slug":"fallecio-el-concejal-gustavo-horacio-alcorta-por-covid","status":"publish","type":"post","link":"https:\/\/eldiariodesanpedro.com.ar\/sitio\/fallecio-el-concejal-gustavo-horacio-alcorta-por-covid\/","title":{"rendered":"Falleci\u00f3 el concejal Gustavo Horacio Alcorta por covid"},"content":{"rendered":"<!-- VideographyWP Plugin Message: Automatic video embedding prevented by plugin options. -->\n\n<p>La Secretar\u00eda de Salud de la Municipalidad de San Pedro informa el fallecimiento del Sr. Gustavo Horacio Alcorta, de 71 a\u00f1os, que constituye el deceso N\u00b033 desde que comenz\u00f3 la Pandemia en San Pedro.<\/p>\n\n\n\n<p>El paciente diagnosticado como un caso positivo de Covid-19, se encontraba internado en una cl\u00ednica privada.<\/p>\n\n\n\n<p>Acompa\u00f1amos con nuestras condolencias a sus familiares y seres queridos con un reconocimiento especial a su participaci\u00f3n p\u00fablica como concejal municipal, dirigente pol\u00edtico e institucional.<\/p>\n","protected":false},"excerpt":{"rendered":"<p>La Secretar\u00eda de Salud de la Municipalidad de San Pedro informa el fallecimiento del Sr. Gustavo Horacio Alcorta, de 71 a\u00f1os, que constituye el deceso N\u00b033 desde que comenz\u00f3 la Pandemia en San Pedro. El paciente diagnosticado como un caso positivo de Covid-19, se encontraba internado en una cl\u00ednica privada. Acompa\u00f1amos con nuestras condolencias a [&hellip;]<\/p>\n","protected":false},"author":4,"featured_media":81490,"comment_status":"open","ping_status":"closed","sticky":false,"template":"","format":"standard","meta":{"om_disable_all_campaigns":false,"_jetpack_memberships_contains_paid_content":false,"footnotes":""},"categories":[50,101,2],"tags":[197,696,33],"class_list":["post-81489","post","type-post","status-publish","format-standard","has-post-thumbnail","hentry","category-destacadas","category-interes-general-locales","category-locales","tag-buenos-aires","tag-interes-general","tag-locales"],"aioseo_notices":[],"gutentor_comment":0,"jetpack_featured_media_url":"https:\/\/eldiariodesanpedro.com.ar\/sitio\/wp-content\/uploads\/2020\/09\/Gustavo-Alcorta.jpg","jetpack_shortlink":"https:\/\/wp.me\/p6RhLt-lcl","jetpack_sharing_enabled":true,"_links":{"self":[{"href":"https:\/\/eldiariodesanpedro.com.ar\/sitio\/wp-json\/wp\/v2\/posts\/81489","targetHints":{"allow":["GET"]}}],"collection":[{"href":"https:\/\/eldiariodesanpedro.com.ar\/sitio\/wp-json\/wp\/v2\/posts"}],"about":[{"href":"https:\/\/eldiariodesanpedro.com.ar\/sitio\/wp-json\/wp\/v2\/types\/post"}],"author":[{"embeddable":true,"href":"https:\/\/eldiariodesanpedro.com.ar\/sitio\/wp-json\/wp\/v2\/users\/4"}],"replies":[{"embeddable":true,"href":"https:\/\/eldiariodesanpedro.com.ar\/sitio\/wp-json\/wp\/v2\/comments?post=81489"}],"version-history":[{"count":1,"href":"https:\/\/eldiariodesanpedro.com.ar\/sitio\/wp-json\/wp\/v2\/posts\/81489\/revisions"}],"predecessor-version":[{"id":81491,"href":"https:\/\/eldiariodesanpedro.com.ar\/sitio\/wp-json\/wp\/v2\/posts\/81489\/revisions\/81491"}],"wp:featuredmedia":[{"embeddable":true,"href":"https:\/\/eldiariodesanpedro.com.ar\/sitio\/wp-json\/wp\/v2\/media\/81490"}],"wp:attachment":[{"href":"https:\/\/eldiariodesanpedro.com.ar\/sitio\/wp-json\/wp\/v2\/media?parent=81489"}],"wp:term":[{"taxonomy":"category","embeddable":true,"href":"https:\/\/eldiariodesanpedro.com.ar\/sitio\/wp-json\/wp\/v2\/categories?post=81489"},{"taxonomy":"post_tag","embeddable":true,"href":"https:\/\/eldiariodesanpedro.com.ar\/sitio\/wp-json\/wp\/v2\/tags?post=81489"}],"curies":[{"name":"wp","href":"https:\/\/api.w.org\/{rel}","templated":true}]}}