{"id":81434,"date":"2020-09-25T10:54:48","date_gmt":"2020-09-25T13:54:48","guid":{"rendered":"https:\/\/eldiariodesanpedro.com.ar\/sitio\/?p=81434"},"modified":"2020-09-25T10:54:49","modified_gmt":"2020-09-25T13:54:49","slug":"roban-una-motocicleta-estacionada-en-la-via-publica","status":"publish","type":"post","link":"https:\/\/eldiariodesanpedro.com.ar\/sitio\/roban-una-motocicleta-estacionada-en-la-via-publica\/","title":{"rendered":"Roban una motocicleta estacionada en la v\u00eda p\u00fablica"},"content":{"rendered":"<!-- VideographyWP Plugin Message: Automatic video embedding prevented by plugin options. -->\n\n<p>En la jornada de ayer jueves se recibi\u00f3 la denuncia por parte de una mujer de 28 a\u00f1os quien sufri\u00f3 el robo de un rodado.<\/p>\n\n\n\n<p>Este jueves en horas de la tarde se hace presente en la comisar\u00eda local una mujer que declara haber dejado su motocicleta 110 cc fuera del domicilio de su padre, ubicado en calle independencia al 300, y que luego de una hora cuando se dispone a retirarse constata que autores ignorados sustraen la misma.<\/p>\n\n\n\n<p>Tom\u00f3 intervenci\u00f3n la fiscal\u00eda de turno que investiga el delito.<\/p>\n","protected":false},"excerpt":{"rendered":"<p>En la jornada de ayer jueves se recibi\u00f3 la denuncia por parte de una mujer de 28 a\u00f1os quien sufri\u00f3 el robo de un rodado. Este jueves en horas de la tarde se hace presente en la comisar\u00eda local una mujer que declara haber dejado su motocicleta 110 cc fuera del domicilio de su padre, [&hellip;]<\/p>\n","protected":false},"author":4,"featured_media":45394,"comment_status":"open","ping_status":"closed","sticky":false,"template":"","format":"standard","meta":{"om_disable_all_campaigns":false,"_jetpack_memberships_contains_paid_content":false,"footnotes":""},"categories":[2,103],"tags":[197,33,95,19],"class_list":["post-81434","post","type-post","status-publish","format-standard","has-post-thumbnail","hentry","category-locales","category-policiales-locales","tag-buenos-aires","tag-locales","tag-policiales","tag-san-pedro"],"aioseo_notices":[],"gutentor_comment":0,"jetpack_featured_media_url":"https:\/\/eldiariodesanpedro.com.ar\/sitio\/wp-content\/uploads\/2019\/01\/comisaria.jpg","jetpack_shortlink":"https:\/\/wp.me\/p6RhLt-lbs","jetpack_sharing_enabled":true,"_links":{"self":[{"href":"https:\/\/eldiariodesanpedro.com.ar\/sitio\/wp-json\/wp\/v2\/posts\/81434","targetHints":{"allow":["GET"]}}],"collection":[{"href":"https:\/\/eldiariodesanpedro.com.ar\/sitio\/wp-json\/wp\/v2\/posts"}],"about":[{"href":"https:\/\/eldiariodesanpedro.com.ar\/sitio\/wp-json\/wp\/v2\/types\/post"}],"author":[{"embeddable":true,"href":"https:\/\/eldiariodesanpedro.com.ar\/sitio\/wp-json\/wp\/v2\/users\/4"}],"replies":[{"embeddable":true,"href":"https:\/\/eldiariodesanpedro.com.ar\/sitio\/wp-json\/wp\/v2\/comments?post=81434"}],"version-history":[{"count":1,"href":"https:\/\/eldiariodesanpedro.com.ar\/sitio\/wp-json\/wp\/v2\/posts\/81434\/revisions"}],"predecessor-version":[{"id":81435,"href":"https:\/\/eldiariodesanpedro.com.ar\/sitio\/wp-json\/wp\/v2\/posts\/81434\/revisions\/81435"}],"wp:featuredmedia":[{"embeddable":true,"href":"https:\/\/eldiariodesanpedro.com.ar\/sitio\/wp-json\/wp\/v2\/media\/45394"}],"wp:attachment":[{"href":"https:\/\/eldiariodesanpedro.com.ar\/sitio\/wp-json\/wp\/v2\/media?parent=81434"}],"wp:term":[{"taxonomy":"category","embeddable":true,"href":"https:\/\/eldiariodesanpedro.com.ar\/sitio\/wp-json\/wp\/v2\/categories?post=81434"},{"taxonomy":"post_tag","embeddable":true,"href":"https:\/\/eldiariodesanpedro.com.ar\/sitio\/wp-json\/wp\/v2\/tags?post=81434"}],"curies":[{"name":"wp","href":"https:\/\/api.w.org\/{rel}","templated":true}]}}