{"id":81432,"date":"2020-09-25T10:23:23","date_gmt":"2020-09-25T13:23:23","guid":{"rendered":"https:\/\/eldiariodesanpedro.com.ar\/sitio\/?p=81432"},"modified":"2020-09-25T10:23:24","modified_gmt":"2020-09-25T13:23:24","slug":"un-sujeto-aprehendido-por-provocar-danos-en-una-vivienda","status":"publish","type":"post","link":"https:\/\/eldiariodesanpedro.com.ar\/sitio\/un-sujeto-aprehendido-por-provocar-danos-en-una-vivienda\/","title":{"rendered":"Un sujeto aprehendido por provocar da\u00f1os en una vivienda"},"content":{"rendered":"<!-- VideographyWP Plugin Message: Automatic video embedding prevented by plugin options. -->\n\n<p>En un r\u00e1pido accionar de la polic\u00eda de nuestra ciudad se logr\u00f3 la aprehensi\u00f3n de un sujeto amyor de edad que provoc\u00f3 da\u00f1os en la vivienda de su sobrina.<\/p>\n\n\n\n<p>La comisar\u00eda fue informada a trav\u00e9s de un llamado al 911 de la presencia de un ciudadano de 31 a\u00f1os de edad que se encontraba provocando da\u00f1os&nbsp; a una vivienda ubicada en calle San Lorenzo al 2000 donde reside su sobrina.<\/p>\n\n\n\n<p>R\u00e1pidamente se hace presente un m\u00f3vil policial para lograr la aprehensi\u00f3n del mismo siendo este trasladado a la dependencia local.<\/p>\n","protected":false},"excerpt":{"rendered":"<p>En un r\u00e1pido accionar de la polic\u00eda de nuestra ciudad se logr\u00f3 la aprehensi\u00f3n de un sujeto amyor de edad que provoc\u00f3 da\u00f1os en la vivienda de su sobrina. La comisar\u00eda fue informada a trav\u00e9s de un llamado al 911 de la presencia de un ciudadano de 31 a\u00f1os de edad que se encontraba provocando [&hellip;]<\/p>\n","protected":false},"author":4,"featured_media":77561,"comment_status":"open","ping_status":"closed","sticky":false,"template":"","format":"standard","meta":{"om_disable_all_campaigns":false,"_jetpack_memberships_contains_paid_content":false,"footnotes":""},"categories":[2,103],"tags":[197,33,95],"class_list":["post-81432","post","type-post","status-publish","format-standard","has-post-thumbnail","hentry","category-locales","category-policiales-locales","tag-buenos-aires","tag-locales","tag-policiales"],"aioseo_notices":[],"gutentor_comment":0,"jetpack_featured_media_url":"https:\/\/eldiariodesanpedro.com.ar\/sitio\/wp-content\/uploads\/2020\/07\/20200709072134.jpg","jetpack_shortlink":"https:\/\/wp.me\/p6RhLt-lbq","jetpack_sharing_enabled":true,"_links":{"self":[{"href":"https:\/\/eldiariodesanpedro.com.ar\/sitio\/wp-json\/wp\/v2\/posts\/81432","targetHints":{"allow":["GET"]}}],"collection":[{"href":"https:\/\/eldiariodesanpedro.com.ar\/sitio\/wp-json\/wp\/v2\/posts"}],"about":[{"href":"https:\/\/eldiariodesanpedro.com.ar\/sitio\/wp-json\/wp\/v2\/types\/post"}],"author":[{"embeddable":true,"href":"https:\/\/eldiariodesanpedro.com.ar\/sitio\/wp-json\/wp\/v2\/users\/4"}],"replies":[{"embeddable":true,"href":"https:\/\/eldiariodesanpedro.com.ar\/sitio\/wp-json\/wp\/v2\/comments?post=81432"}],"version-history":[{"count":1,"href":"https:\/\/eldiariodesanpedro.com.ar\/sitio\/wp-json\/wp\/v2\/posts\/81432\/revisions"}],"predecessor-version":[{"id":81433,"href":"https:\/\/eldiariodesanpedro.com.ar\/sitio\/wp-json\/wp\/v2\/posts\/81432\/revisions\/81433"}],"wp:featuredmedia":[{"embeddable":true,"href":"https:\/\/eldiariodesanpedro.com.ar\/sitio\/wp-json\/wp\/v2\/media\/77561"}],"wp:attachment":[{"href":"https:\/\/eldiariodesanpedro.com.ar\/sitio\/wp-json\/wp\/v2\/media?parent=81432"}],"wp:term":[{"taxonomy":"category","embeddable":true,"href":"https:\/\/eldiariodesanpedro.com.ar\/sitio\/wp-json\/wp\/v2\/categories?post=81432"},{"taxonomy":"post_tag","embeddable":true,"href":"https:\/\/eldiariodesanpedro.com.ar\/sitio\/wp-json\/wp\/v2\/tags?post=81432"}],"curies":[{"name":"wp","href":"https:\/\/api.w.org\/{rel}","templated":true}]}}