{"id":81428,"date":"2020-09-25T10:01:58","date_gmt":"2020-09-25T13:01:58","guid":{"rendered":"https:\/\/eldiariodesanpedro.com.ar\/sitio\/?p=81428"},"modified":"2020-09-25T11:17:02","modified_gmt":"2020-09-25T14:17:02","slug":"otra-vez-un-medico-del-nosocomio-local-fue-golpeado-por-un-paciente","status":"publish","type":"post","link":"https:\/\/eldiariodesanpedro.com.ar\/sitio\/otra-vez-un-medico-del-nosocomio-local-fue-golpeado-por-un-paciente\/","title":{"rendered":"Otra vez un m\u00e9dico del nosocomio local fue golpeado por un paciente"},"content":{"rendered":"<!-- VideographyWP Plugin Message: Automatic video embedding prevented by plugin options. -->\n\n<p>En la jornada de ayer la polic\u00eda de nuestra ciudad realiz\u00f3 la aprehensi\u00f3n de un ciudadano de 52 a\u00f1os de edad en calle Berutti al 300 tras haber agredido a un m\u00e9dico del nosocomio local.<\/p>\n\n\n\n<p>El hecho ocurri\u00f3 cuando una ambulancia del SAME se hace presente en ese domicilio para atender a un ciudadano que presenta un brote psic\u00f3tico quien aplica un golpe de pu\u00f1o en la careta acr\u00edlica que utiliza el profesional  como protecci\u00f3n contra covid-19.<\/p>\n\n\n\n<p>Esta persona fue aprehendida y trasladada a la comisar\u00eda local.<\/p>\n\n\n\n<p>Recordemos que d\u00edas atr\u00e1s el Dr. Pablo Gallo recibi\u00f3 un golpe de pu\u00f1o en su rostro cuando se dirigi\u00f3 a una emergencia de otra persona que se encontraba en estado psic\u00f3tico.<\/p>\n\n\n\n<figure class=\"wp-block-image size-large\"><img decoding=\"async\" width=\"750\" height=\"400\" data-attachment-id=\"81437\" data-permalink=\"https:\/\/eldiariodesanpedro.com.ar\/sitio\/otra-vez-un-medico-del-nosocomio-local-fue-golpeado-por-un-paciente\/whatsapp_image_2020-09-25_at_09-55-36_1\/\" data-orig-file=\"https:\/\/eldiariodesanpedro.com.ar\/sitio\/wp-content\/uploads\/2020\/09\/whatsapp_image_2020-09-25_at_09.55.36_1.jpeg\" data-orig-size=\"750,400\" data-comments-opened=\"1\" data-image-meta=\"{&quot;aperture&quot;:&quot;0&quot;,&quot;credit&quot;:&quot;&quot;,&quot;camera&quot;:&quot;&quot;,&quot;caption&quot;:&quot;&quot;,&quot;created_timestamp&quot;:&quot;0&quot;,&quot;copyright&quot;:&quot;&quot;,&quot;focal_length&quot;:&quot;0&quot;,&quot;iso&quot;:&quot;0&quot;,&quot;shutter_speed&quot;:&quot;0&quot;,&quot;title&quot;:&quot;&quot;,&quot;orientation&quot;:&quot;0&quot;}\" data-image-title=\"whatsapp_image_2020-09-25_at_09.55.36_1\" data-image-description=\"\" data-image-caption=\"\" data-large-file=\"https:\/\/eldiariodesanpedro.com.ar\/sitio\/wp-content\/uploads\/2020\/09\/whatsapp_image_2020-09-25_at_09.55.36_1.jpeg\" data-src=\"https:\/\/eldiariodesanpedro.com.ar\/sitio\/wp-content\/uploads\/2020\/09\/whatsapp_image_2020-09-25_at_09.55.36_1.jpeg\" alt=\"\" class=\"wp-image-81437 lazyload\" data-srcset=\"https:\/\/eldiariodesanpedro.com.ar\/sitio\/wp-content\/uploads\/2020\/09\/whatsapp_image_2020-09-25_at_09.55.36_1.jpeg 750w, https:\/\/eldiariodesanpedro.com.ar\/sitio\/wp-content\/uploads\/2020\/09\/whatsapp_image_2020-09-25_at_09.55.36_1-300x160.jpeg 300w\" data-sizes=\"(max-width: 750px) 100vw, 750px\" src=\"data:image\/svg+xml;base64,PHN2ZyB3aWR0aD0iMSIgaGVpZ2h0PSIxIiB4bWxucz0iaHR0cDovL3d3dy53My5vcmcvMjAwMC9zdmciPjwvc3ZnPg==\" style=\"--smush-placeholder-width: 750px; --smush-placeholder-aspect-ratio: 750\/400;\" \/><\/figure>\n","protected":false},"excerpt":{"rendered":"<p>En la jornada de ayer la polic\u00eda de nuestra ciudad realiz\u00f3 la aprehensi\u00f3n de un ciudadano de 52 a\u00f1os de edad en calle Berutti al 300 tras haber agredido a un m\u00e9dico del nosocomio local. El hecho ocurri\u00f3 cuando una ambulancia del SAME se hace presente en ese domicilio para atender a un ciudadano que [&hellip;]<\/p>\n","protected":false},"author":4,"featured_media":81053,"comment_status":"open","ping_status":"closed","sticky":false,"template":"","format":"standard","meta":{"om_disable_all_campaigns":false,"_jetpack_memberships_contains_paid_content":false,"footnotes":""},"categories":[2,103],"tags":[197,696,33],"class_list":["post-81428","post","type-post","status-publish","format-standard","has-post-thumbnail","hentry","category-locales","category-policiales-locales","tag-buenos-aires","tag-interes-general","tag-locales"],"aioseo_notices":[],"gutentor_comment":0,"jetpack_featured_media_url":"https:\/\/eldiariodesanpedro.com.ar\/sitio\/wp-content\/uploads\/2020\/09\/guardia-940x528-1.jpg","jetpack_shortlink":"https:\/\/wp.me\/p6RhLt-lbm","jetpack_sharing_enabled":true,"_links":{"self":[{"href":"https:\/\/eldiariodesanpedro.com.ar\/sitio\/wp-json\/wp\/v2\/posts\/81428","targetHints":{"allow":["GET"]}}],"collection":[{"href":"https:\/\/eldiariodesanpedro.com.ar\/sitio\/wp-json\/wp\/v2\/posts"}],"about":[{"href":"https:\/\/eldiariodesanpedro.com.ar\/sitio\/wp-json\/wp\/v2\/types\/post"}],"author":[{"embeddable":true,"href":"https:\/\/eldiariodesanpedro.com.ar\/sitio\/wp-json\/wp\/v2\/users\/4"}],"replies":[{"embeddable":true,"href":"https:\/\/eldiariodesanpedro.com.ar\/sitio\/wp-json\/wp\/v2\/comments?post=81428"}],"version-history":[{"count":3,"href":"https:\/\/eldiariodesanpedro.com.ar\/sitio\/wp-json\/wp\/v2\/posts\/81428\/revisions"}],"predecessor-version":[{"id":81438,"href":"https:\/\/eldiariodesanpedro.com.ar\/sitio\/wp-json\/wp\/v2\/posts\/81428\/revisions\/81438"}],"wp:featuredmedia":[{"embeddable":true,"href":"https:\/\/eldiariodesanpedro.com.ar\/sitio\/wp-json\/wp\/v2\/media\/81053"}],"wp:attachment":[{"href":"https:\/\/eldiariodesanpedro.com.ar\/sitio\/wp-json\/wp\/v2\/media?parent=81428"}],"wp:term":[{"taxonomy":"category","embeddable":true,"href":"https:\/\/eldiariodesanpedro.com.ar\/sitio\/wp-json\/wp\/v2\/categories?post=81428"},{"taxonomy":"post_tag","embeddable":true,"href":"https:\/\/eldiariodesanpedro.com.ar\/sitio\/wp-json\/wp\/v2\/tags?post=81428"}],"curies":[{"name":"wp","href":"https:\/\/api.w.org\/{rel}","templated":true}]}}