{"id":81425,"date":"2020-09-25T09:53:36","date_gmt":"2020-09-25T12:53:36","guid":{"rendered":"https:\/\/eldiariodesanpedro.com.ar\/sitio\/?p=81425"},"modified":"2020-09-25T09:53:37","modified_gmt":"2020-09-25T12:53:37","slug":"el-gobierno-extendio-el-dnu-que-congela-alquileres-y-prohibe-desalojos","status":"publish","type":"post","link":"https:\/\/eldiariodesanpedro.com.ar\/sitio\/el-gobierno-extendio-el-dnu-que-congela-alquileres-y-prohibe-desalojos\/","title":{"rendered":"El Gobierno extendi\u00f3 el DNU que congela alquileres y proh\u00edbe desalojos"},"content":{"rendered":"<!-- VideographyWP Plugin Message: Automatic video embedding prevented by plugin options. -->\n\n<p>La vicejefa de Gabinete, Cecilia Todesca Bocco, anunci\u00f3 este jueves que se extendioel decreto de necesidad y urgencia (DNU) que congela alquileres y proh\u00edbe desalojos y el que mantiene las cuotas de las hipotecas UVA, en el marco de la pandemia de coronavirus.<\/p>\n\n\n\n<p>\u00abLos dos decretos ya est\u00e1n escritos, lo que puedo anticipar, porque todav\u00eda no est\u00e1n firmados, es que nosotros vamos a seguir acompa\u00f1ando a la gente que alquila porque entendemos que estos meses han sido dif\u00edciles, que las familias todav\u00eda no han podido recuperar todo el ingreso que han perdido producto de la pandemia\u00bb, dijo Todesca Bocco en declaraciones radiales.<\/p>\n\n\n\n<p>\u00abNos parece que hay que acompa\u00f1ar a la gente que alquila y en el mismo sentido el tema de los cr\u00e9ditos UVA para vivienda \u00fanica de hasta 120 mil UVAs tambi\u00e9n seguir con el congelamiento, y luego hacer un cronograma para ir ajustando lentamente en 18 meses la cuota a lo que hubiese correspondido, de manera tal que para las familias no sea un golpe de un d\u00eda para el otro\u00bb, destac\u00f3.<\/p>\n\n\n\n<p>Por su parte, la Federaci\u00f3n de Inquilinos Nacional expres\u00f3 que \u00abtransmitimos a las cientos de miles de familias que alquilan que pueden estar tranquilas y les pedimos que no firmen contratos nuevos, que no paguen suma alguna por encima del alquiler, y que no se dejen amenazar, amedrentar ni extorsionar por los locadores\u00bb.<\/p>\n\n\n\n<p>En un comunicado, el presidente de la Federaci\u00f3n, Gervasio Mu\u00f1oz, se\u00f1al\u00f3 que \u00abla extensi\u00f3n del decreto y la ley de alquileres son dos medidas profundamente protectoras que desde la Federaci\u00f3n vamos a defender hasta su total cumplimiento por parte del mercado inmobiliario\u00bb.<\/p>\n\n\n\n<p><\/p>\n","protected":false},"excerpt":{"rendered":"<p>La vicejefa de Gabinete, Cecilia Todesca Bocco, anunci\u00f3 este jueves que se extendioel decreto de necesidad y urgencia (DNU) que congela alquileres y proh\u00edbe desalojos y el que mantiene las cuotas de las hipotecas UVA, en el marco de la pandemia de coronavirus. \u00abLos dos decretos ya est\u00e1n escritos, lo que puedo anticipar, porque todav\u00eda [&hellip;]<\/p>\n","protected":false},"author":4,"featured_media":81426,"comment_status":"open","ping_status":"closed","sticky":false,"template":"","format":"standard","meta":{"om_disable_all_campaigns":false,"_jetpack_memberships_contains_paid_content":false,"footnotes":""},"categories":[101,2],"tags":[197,696,33],"class_list":["post-81425","post","type-post","status-publish","format-standard","has-post-thumbnail","hentry","category-interes-general-locales","category-locales","tag-buenos-aires","tag-interes-general","tag-locales"],"aioseo_notices":[],"gutentor_comment":0,"jetpack_featured_media_url":"https:\/\/eldiariodesanpedro.com.ar\/sitio\/wp-content\/uploads\/2020\/09\/Alquila.jpg","jetpack_shortlink":"https:\/\/wp.me\/p6RhLt-lbj","jetpack_sharing_enabled":true,"_links":{"self":[{"href":"https:\/\/eldiariodesanpedro.com.ar\/sitio\/wp-json\/wp\/v2\/posts\/81425","targetHints":{"allow":["GET"]}}],"collection":[{"href":"https:\/\/eldiariodesanpedro.com.ar\/sitio\/wp-json\/wp\/v2\/posts"}],"about":[{"href":"https:\/\/eldiariodesanpedro.com.ar\/sitio\/wp-json\/wp\/v2\/types\/post"}],"author":[{"embeddable":true,"href":"https:\/\/eldiariodesanpedro.com.ar\/sitio\/wp-json\/wp\/v2\/users\/4"}],"replies":[{"embeddable":true,"href":"https:\/\/eldiariodesanpedro.com.ar\/sitio\/wp-json\/wp\/v2\/comments?post=81425"}],"version-history":[{"count":1,"href":"https:\/\/eldiariodesanpedro.com.ar\/sitio\/wp-json\/wp\/v2\/posts\/81425\/revisions"}],"predecessor-version":[{"id":81427,"href":"https:\/\/eldiariodesanpedro.com.ar\/sitio\/wp-json\/wp\/v2\/posts\/81425\/revisions\/81427"}],"wp:featuredmedia":[{"embeddable":true,"href":"https:\/\/eldiariodesanpedro.com.ar\/sitio\/wp-json\/wp\/v2\/media\/81426"}],"wp:attachment":[{"href":"https:\/\/eldiariodesanpedro.com.ar\/sitio\/wp-json\/wp\/v2\/media?parent=81425"}],"wp:term":[{"taxonomy":"category","embeddable":true,"href":"https:\/\/eldiariodesanpedro.com.ar\/sitio\/wp-json\/wp\/v2\/categories?post=81425"},{"taxonomy":"post_tag","embeddable":true,"href":"https:\/\/eldiariodesanpedro.com.ar\/sitio\/wp-json\/wp\/v2\/tags?post=81425"}],"curies":[{"name":"wp","href":"https:\/\/api.w.org\/{rel}","templated":true}]}}