{"id":81422,"date":"2020-09-25T09:47:31","date_gmt":"2020-09-25T12:47:31","guid":{"rendered":"https:\/\/eldiariodesanpedro.com.ar\/sitio\/?p=81422"},"modified":"2020-09-25T09:47:36","modified_gmt":"2020-09-25T12:47:36","slug":"negaron-el-pedido-de-domiciliaria-al-ex-fiscal-serjal","status":"publish","type":"post","link":"https:\/\/eldiariodesanpedro.com.ar\/sitio\/negaron-el-pedido-de-domiciliaria-al-ex-fiscal-serjal\/","title":{"rendered":"Negaron el pedido de domiciliaria al ex fiscal Serjal"},"content":{"rendered":"<!-- VideographyWP Plugin Message: Automatic video embedding prevented by plugin options. -->\n\n<p>La Justicia rechaz\u00f3 la apelaci\u00f3n al ex fiscal regional de Rosario, Patricio Serjal, acusado por coimas relacionadas al juego clandestino. Por lo que seguir\u00e1 en prisi\u00f3n efectiva por el plazo de ley en la alcaid\u00eda de 27 de Febrero al 7800.<\/p>\n\n\n\n<p>En una audiencia el pasado viernes la Fiscal\u00eda pidi\u00f3 que se confirme la prisi\u00f3n, mientras la defensa de Serjal buscaba que se le otorgue la libertad o la prisi\u00f3n domiciliaria. Este mi\u00e9rcoles se comunic\u00f3 la resoluci\u00f3n y la Justicia no estuvo de su lado.<\/p>\n\n\n\n<p>El camarista Guillermo Llaudet Maza rechaz\u00f3 la apelaci\u00f3n a la medida cautelar que present\u00f3 la defensa ante la prisi\u00f3n preventiva efectiva dictada en primera instancia a comienzos de agosto pasado.\u00a0<\/p>\n\n\n\n<p>De esta manera, Serjal transcurrir\u00e1 el proceso privado de su libertad, acusado junto al ex fiscal&nbsp; Gustavo Ponce Asahad por perge\u00f1ar un plan para recaudar dinero de manera ilegal a cambio de protecci\u00f3n judicial a empresarios del juego clandestino.&nbsp;Leonardo Peiti es el empresario del juego que revel\u00f3 como arrepentido las coimas que pagaba a ambos.<\/p>\n\n\n\n<p>Seg\u00fan la investigaci\u00f3n en la causa, el entonces funcionario judicial buscaba controlar los expedientes en torno a las causas de juego clandestino\u00a0y desviarlos, por lo que\u00a0se lo acusa\u00a0de cobrar unos 4.000 d\u00f3lares mensuales.<\/p>\n\n\n\n<p>Fuente: <a href=\"https:\/\/www.rosarioplus.com\/ensacoycorbata\/Negaron-el-pedido-de-domiciliaria-al-ex-fiscal-Serjal-20200923-0029.html\">Rosario PLus<\/a><\/p>\n","protected":false},"excerpt":{"rendered":"<p>La Justicia rechaz\u00f3 la apelaci\u00f3n al ex fiscal regional de Rosario, Patricio Serjal, acusado por coimas relacionadas al juego clandestino. Por lo que seguir\u00e1 en prisi\u00f3n efectiva por el plazo de ley en la alcaid\u00eda de 27 de Febrero al 7800. En una audiencia el pasado viernes la Fiscal\u00eda pidi\u00f3 que se confirme la prisi\u00f3n, [&hellip;]<\/p>\n","protected":false},"author":4,"featured_media":81423,"comment_status":"open","ping_status":"closed","sticky":false,"template":"","format":"standard","meta":{"om_disable_all_campaigns":false,"_jetpack_memberships_contains_paid_content":false,"footnotes":""},"categories":[101,2],"tags":[197,696,33],"class_list":["post-81422","post","type-post","status-publish","format-standard","has-post-thumbnail","hentry","category-interes-general-locales","category-locales","tag-buenos-aires","tag-interes-general","tag-locales"],"aioseo_notices":[],"gutentor_comment":0,"jetpack_featured_media_url":"https:\/\/eldiariodesanpedro.com.ar\/sitio\/wp-content\/uploads\/2020\/09\/serjal_audiencia.jpeg_501420591.jpeg","jetpack_shortlink":"https:\/\/wp.me\/p6RhLt-lbg","jetpack_sharing_enabled":true,"_links":{"self":[{"href":"https:\/\/eldiariodesanpedro.com.ar\/sitio\/wp-json\/wp\/v2\/posts\/81422","targetHints":{"allow":["GET"]}}],"collection":[{"href":"https:\/\/eldiariodesanpedro.com.ar\/sitio\/wp-json\/wp\/v2\/posts"}],"about":[{"href":"https:\/\/eldiariodesanpedro.com.ar\/sitio\/wp-json\/wp\/v2\/types\/post"}],"author":[{"embeddable":true,"href":"https:\/\/eldiariodesanpedro.com.ar\/sitio\/wp-json\/wp\/v2\/users\/4"}],"replies":[{"embeddable":true,"href":"https:\/\/eldiariodesanpedro.com.ar\/sitio\/wp-json\/wp\/v2\/comments?post=81422"}],"version-history":[{"count":1,"href":"https:\/\/eldiariodesanpedro.com.ar\/sitio\/wp-json\/wp\/v2\/posts\/81422\/revisions"}],"predecessor-version":[{"id":81424,"href":"https:\/\/eldiariodesanpedro.com.ar\/sitio\/wp-json\/wp\/v2\/posts\/81422\/revisions\/81424"}],"wp:featuredmedia":[{"embeddable":true,"href":"https:\/\/eldiariodesanpedro.com.ar\/sitio\/wp-json\/wp\/v2\/media\/81423"}],"wp:attachment":[{"href":"https:\/\/eldiariodesanpedro.com.ar\/sitio\/wp-json\/wp\/v2\/media?parent=81422"}],"wp:term":[{"taxonomy":"category","embeddable":true,"href":"https:\/\/eldiariodesanpedro.com.ar\/sitio\/wp-json\/wp\/v2\/categories?post=81422"},{"taxonomy":"post_tag","embeddable":true,"href":"https:\/\/eldiariodesanpedro.com.ar\/sitio\/wp-json\/wp\/v2\/tags?post=81422"}],"curies":[{"name":"wp","href":"https:\/\/api.w.org\/{rel}","templated":true}]}}