{"id":81414,"date":"2020-09-25T08:00:00","date_gmt":"2020-09-25T11:00:00","guid":{"rendered":"https:\/\/eldiariodesanpedro.com.ar\/sitio\/?p=81414"},"modified":"2020-09-25T09:39:38","modified_gmt":"2020-09-25T12:39:38","slug":"cronograma-de-anses-para-hoy-viernes","status":"publish","type":"post","link":"https:\/\/eldiariodesanpedro.com.ar\/sitio\/cronograma-de-anses-para-hoy-viernes\/","title":{"rendered":"Cronograma de Anses para hoy viernes"},"content":{"rendered":"<!-- VideographyWP Plugin Message: Automatic video embedding prevented by plugin options. -->\n\n<p><strong>Jubilaciones y pensiones del Sistema Integrado Previsional Argentino (SIPA)<\/strong><br>Las sucursales bancarias habilitadas atender\u00e1n por ventanilla solo a los&nbsp;jubilados y pensionados con documentos terminados en&nbsp;<strong>6&nbsp;<\/strong>y<strong>&nbsp;7<\/strong>&nbsp;y cuyos haberes&nbsp;<strong>SUPEREN<\/strong>&nbsp;la suma de $20.374.<br>En este sentido, si bien estas personas no tienen que solicitar turno previo para cobrar el beneficio,&nbsp;deben acercarse a la sucursal bancaria \u00fanicamente en la fecha asignada. Cabe recordar que los haberes permanecer\u00e1n depositados en sus cuentas.<\/p>\n\n\n\n<p><strong>Prestaci\u00f3n por Desempleo<\/strong><br>Ma\u00f1ana cobran la Prestaci\u00f3n por Desempleo las personas cuyos documentos finalizan en&nbsp;<strong>6&nbsp;<\/strong>y<strong>&nbsp;7<\/strong>.<\/p>\n\n\n\n<p><strong>Beneficiarios del ATP<\/strong><br>Ma\u00f1ana se realizar\u00e1 el pago de sueldos complementarios del programa de Asistencia de Emergencia al Trabajo y la Producci\u00f3n (ATP) de la AFIP.<\/p>\n","protected":false},"excerpt":{"rendered":"<p>Jubilaciones y pensiones del Sistema Integrado Previsional Argentino (SIPA)Las sucursales bancarias habilitadas atender\u00e1n por ventanilla solo a los&nbsp;jubilados y pensionados con documentos terminados en&nbsp;6&nbsp;y&nbsp;7&nbsp;y cuyos haberes&nbsp;SUPEREN&nbsp;la suma de $20.374.En este sentido, si bien estas personas no tienen que solicitar turno previo para cobrar el beneficio,&nbsp;deben acercarse a la sucursal bancaria \u00fanicamente en la fecha asignada. [&hellip;]<\/p>\n","protected":false},"author":4,"featured_media":79416,"comment_status":"open","ping_status":"closed","sticky":false,"template":"","format":"standard","meta":{"om_disable_all_campaigns":false,"_jetpack_memberships_contains_paid_content":false,"footnotes":""},"categories":[101,2],"tags":[1434,197,696,33],"class_list":["post-81414","post","type-post","status-publish","format-standard","has-post-thumbnail","hentry","category-interes-general-locales","category-locales","tag-anses-informa","tag-buenos-aires","tag-interes-general","tag-locales"],"aioseo_notices":[],"gutentor_comment":0,"jetpack_featured_media_url":"https:\/\/eldiariodesanpedro.com.ar\/sitio\/wp-content\/uploads\/2020\/08\/3060604-e1597404396101.jpg","jetpack_shortlink":"https:\/\/wp.me\/p6RhLt-lb8","jetpack_sharing_enabled":true,"_links":{"self":[{"href":"https:\/\/eldiariodesanpedro.com.ar\/sitio\/wp-json\/wp\/v2\/posts\/81414","targetHints":{"allow":["GET"]}}],"collection":[{"href":"https:\/\/eldiariodesanpedro.com.ar\/sitio\/wp-json\/wp\/v2\/posts"}],"about":[{"href":"https:\/\/eldiariodesanpedro.com.ar\/sitio\/wp-json\/wp\/v2\/types\/post"}],"author":[{"embeddable":true,"href":"https:\/\/eldiariodesanpedro.com.ar\/sitio\/wp-json\/wp\/v2\/users\/4"}],"replies":[{"embeddable":true,"href":"https:\/\/eldiariodesanpedro.com.ar\/sitio\/wp-json\/wp\/v2\/comments?post=81414"}],"version-history":[{"count":2,"href":"https:\/\/eldiariodesanpedro.com.ar\/sitio\/wp-json\/wp\/v2\/posts\/81414\/revisions"}],"predecessor-version":[{"id":81421,"href":"https:\/\/eldiariodesanpedro.com.ar\/sitio\/wp-json\/wp\/v2\/posts\/81414\/revisions\/81421"}],"wp:featuredmedia":[{"embeddable":true,"href":"https:\/\/eldiariodesanpedro.com.ar\/sitio\/wp-json\/wp\/v2\/media\/79416"}],"wp:attachment":[{"href":"https:\/\/eldiariodesanpedro.com.ar\/sitio\/wp-json\/wp\/v2\/media?parent=81414"}],"wp:term":[{"taxonomy":"category","embeddable":true,"href":"https:\/\/eldiariodesanpedro.com.ar\/sitio\/wp-json\/wp\/v2\/categories?post=81414"},{"taxonomy":"post_tag","embeddable":true,"href":"https:\/\/eldiariodesanpedro.com.ar\/sitio\/wp-json\/wp\/v2\/tags?post=81414"}],"curies":[{"name":"wp","href":"https:\/\/api.w.org\/{rel}","templated":true}]}}