{"id":81376,"date":"2020-09-24T10:01:00","date_gmt":"2020-09-24T13:01:00","guid":{"rendered":"https:\/\/eldiariodesanpedro.com.ar\/sitio\/?p=81376"},"modified":"2020-09-24T10:54:33","modified_gmt":"2020-09-24T13:54:33","slug":"salazar-confirmo-que-comienza-la-reparacion-de-la-ruta-1001","status":"publish","type":"post","link":"https:\/\/eldiariodesanpedro.com.ar\/sitio\/salazar-confirmo-que-comienza-la-reparacion-de-la-ruta-1001\/","title":{"rendered":"Salazar confirm\u00f3 que comienza la reparaci\u00f3n de la Ruta 1001"},"content":{"rendered":"<!-- VideographyWP Plugin Message: Automatic video embedding prevented by plugin options. -->\n\n<p>As\u00ed lo acordaron con las autoridades de Vialidad Nacional. El lunes estar\u00e1n comenzando las obras que se ven\u00edan reclamando desde hace varios meses.<\/p>\n\n\n\n<p>Una de las obras m\u00e1s anheladas y esperadas por todos los sampedrinos fue la reconstrucci\u00f3n de la Ruta 1001, uno de los principales caminos de acceso a la ciudad. La misma se hizo pero no con la consistencia que era necesaria y a los pocos meses comenz\u00f3 a deteriorarse y transformarse nuevamente en un dolor de cabeza.<\/p>\n\n\n\n<p>El municipio realiz\u00f3 varios reclamos, principalmente al gobierno de Mar\u00eda Eugenia Vidal, pero nadie se hizo cargo de los errores cometidos hasta que en un nuevo intento el Intendente Salazar obtuvo respuestas.<\/p>\n\n\n\n<p>El propio jefe comunal confirm\u00f3 en el aire de FM G\u00e9nesis que tom\u00f3 contacto con las autoridades de Vialidad y es un hecho que en pocos d\u00edas comenzar\u00e1 la obra de reparaci\u00f3n del camino.<\/p>\n\n\n\n<p>\u201cSi no sucede nada raro en el medio Vialidad Nacional nos confirm\u00f3 que el lunes que viene comienzan con la reparaci\u00f3n de la Ruta 1001\u201d, asever\u00f3 el Intendente.<\/p>\n\n\n\n<p>\u201cLo ven\u00edamos reclamando hac\u00eda rato pero lo llame a Gustavo Arrieta, a quien ya conoc\u00eda y ahora est\u00e1 como Director, y me dio una respuestas inmediatas\u201d.<\/p>\n\n\n\n<p>\u201cEnseguida se comunicaron y ah\u00ed mismo me dijeron que una vez que terminaran una obra en Santa F\u00e9, el lunes estar\u00e1n ac\u00e1 y comenzar\u00e1n con la reparaci\u00f3n de la Ruta\u201d, confirm\u00f3 Salazar.<\/p>\n\n\n\n<p>Fuente: <a href=\"https:\/\/www.sanpedroinforma.com.ar\/nota\/123680\/sociedad\/salazar-confirmo-que-comienza-la-reparacion-de-la-ruta-1001.html\">San Pedro Informa<\/a><\/p>\n","protected":false},"excerpt":{"rendered":"<p>As\u00ed lo acordaron con las autoridades de Vialidad Nacional. El lunes estar\u00e1n comenzando las obras que se ven\u00edan reclamando desde hace varios meses. Una de las obras m\u00e1s anheladas y esperadas por todos los sampedrinos fue la reconstrucci\u00f3n de la Ruta 1001, uno de los principales caminos de acceso a la ciudad. La misma se [&hellip;]<\/p>\n","protected":false},"author":4,"featured_media":81377,"comment_status":"open","ping_status":"closed","sticky":false,"template":"","format":"standard","meta":{"om_disable_all_campaigns":false,"_jetpack_memberships_contains_paid_content":false,"footnotes":""},"categories":[50,101,2],"tags":[197,696,33,219],"class_list":["post-81376","post","type-post","status-publish","format-standard","has-post-thumbnail","hentry","category-destacadas","category-interes-general-locales","category-locales","tag-buenos-aires","tag-interes-general","tag-locales","tag-ruta-1001"],"aioseo_notices":[],"gutentor_comment":0,"jetpack_featured_media_url":"https:\/\/eldiariodesanpedro.com.ar\/sitio\/wp-content\/uploads\/2020\/09\/000087172.jpg","jetpack_shortlink":"https:\/\/wp.me\/p6RhLt-law","jetpack_sharing_enabled":true,"_links":{"self":[{"href":"https:\/\/eldiariodesanpedro.com.ar\/sitio\/wp-json\/wp\/v2\/posts\/81376","targetHints":{"allow":["GET"]}}],"collection":[{"href":"https:\/\/eldiariodesanpedro.com.ar\/sitio\/wp-json\/wp\/v2\/posts"}],"about":[{"href":"https:\/\/eldiariodesanpedro.com.ar\/sitio\/wp-json\/wp\/v2\/types\/post"}],"author":[{"embeddable":true,"href":"https:\/\/eldiariodesanpedro.com.ar\/sitio\/wp-json\/wp\/v2\/users\/4"}],"replies":[{"embeddable":true,"href":"https:\/\/eldiariodesanpedro.com.ar\/sitio\/wp-json\/wp\/v2\/comments?post=81376"}],"version-history":[{"count":1,"href":"https:\/\/eldiariodesanpedro.com.ar\/sitio\/wp-json\/wp\/v2\/posts\/81376\/revisions"}],"predecessor-version":[{"id":81378,"href":"https:\/\/eldiariodesanpedro.com.ar\/sitio\/wp-json\/wp\/v2\/posts\/81376\/revisions\/81378"}],"wp:featuredmedia":[{"embeddable":true,"href":"https:\/\/eldiariodesanpedro.com.ar\/sitio\/wp-json\/wp\/v2\/media\/81377"}],"wp:attachment":[{"href":"https:\/\/eldiariodesanpedro.com.ar\/sitio\/wp-json\/wp\/v2\/media?parent=81376"}],"wp:term":[{"taxonomy":"category","embeddable":true,"href":"https:\/\/eldiariodesanpedro.com.ar\/sitio\/wp-json\/wp\/v2\/categories?post=81376"},{"taxonomy":"post_tag","embeddable":true,"href":"https:\/\/eldiariodesanpedro.com.ar\/sitio\/wp-json\/wp\/v2\/tags?post=81376"}],"curies":[{"name":"wp","href":"https:\/\/api.w.org\/{rel}","templated":true}]}}