{"id":81365,"date":"2020-09-23T18:33:41","date_gmt":"2020-09-23T21:33:41","guid":{"rendered":"https:\/\/eldiariodesanpedro.com.ar\/sitio\/?p=81365"},"modified":"2020-09-23T18:33:45","modified_gmt":"2020-09-23T21:33:45","slug":"inicio-de-temporada-la-campina-de-san-pedro-srl","status":"publish","type":"post","link":"https:\/\/eldiariodesanpedro.com.ar\/sitio\/inicio-de-temporada-la-campina-de-san-pedro-srl\/","title":{"rendered":"Inicio de temporada La Campi\u00f1a de San Pedro SRL"},"content":{"rendered":"<!-- VideographyWP Plugin Message: Automatic video embedding prevented by plugin options. -->\n\n<p>Se notifica por este medio al Personal que ha trabajado durante la Temporada 2019 en la empresa, que a partir del 2 de Noviembre de 2020 comenzar\u00e1 la TEMPORADA DE CAROZO.<\/p>\n\n\n\n<p>Los trabajadores ingresar\u00e1n de conformidad a la antig\u00fcedad y especialidad acorde al volumen de la producci\u00f3n.<\/p>\n","protected":false},"excerpt":{"rendered":"<p>Se notifica por este medio al Personal que ha trabajado durante la Temporada 2019 en la empresa, que a partir del 2 de Noviembre de 2020 comenzar\u00e1 la TEMPORADA DE CAROZO. Los trabajadores ingresar\u00e1n de conformidad a la antig\u00fcedad y especialidad acorde al volumen de la producci\u00f3n.<\/p>\n","protected":false},"author":4,"featured_media":81366,"comment_status":"open","ping_status":"closed","sticky":false,"template":"","format":"standard","meta":{"om_disable_all_campaigns":false,"_jetpack_memberships_contains_paid_content":false,"footnotes":""},"categories":[678,676],"tags":[1729,1121,1776,1801],"class_list":["post-81365","post","type-post","status-publish","format-standard","has-post-thumbnail","hentry","category-convocatorias","category-edictos","tag-convocatoria","tag-edicto","tag-inicio-de-temporada","tag-la-campina-srl"],"aioseo_notices":[],"gutentor_comment":0,"jetpack_featured_media_url":"https:\/\/eldiariodesanpedro.com.ar\/sitio\/wp-content\/uploads\/2020\/09\/La-campina-temporada-2020.jpg","jetpack_shortlink":"https:\/\/wp.me\/p6RhLt-lal","jetpack_sharing_enabled":true,"_links":{"self":[{"href":"https:\/\/eldiariodesanpedro.com.ar\/sitio\/wp-json\/wp\/v2\/posts\/81365","targetHints":{"allow":["GET"]}}],"collection":[{"href":"https:\/\/eldiariodesanpedro.com.ar\/sitio\/wp-json\/wp\/v2\/posts"}],"about":[{"href":"https:\/\/eldiariodesanpedro.com.ar\/sitio\/wp-json\/wp\/v2\/types\/post"}],"author":[{"embeddable":true,"href":"https:\/\/eldiariodesanpedro.com.ar\/sitio\/wp-json\/wp\/v2\/users\/4"}],"replies":[{"embeddable":true,"href":"https:\/\/eldiariodesanpedro.com.ar\/sitio\/wp-json\/wp\/v2\/comments?post=81365"}],"version-history":[{"count":1,"href":"https:\/\/eldiariodesanpedro.com.ar\/sitio\/wp-json\/wp\/v2\/posts\/81365\/revisions"}],"predecessor-version":[{"id":81367,"href":"https:\/\/eldiariodesanpedro.com.ar\/sitio\/wp-json\/wp\/v2\/posts\/81365\/revisions\/81367"}],"wp:featuredmedia":[{"embeddable":true,"href":"https:\/\/eldiariodesanpedro.com.ar\/sitio\/wp-json\/wp\/v2\/media\/81366"}],"wp:attachment":[{"href":"https:\/\/eldiariodesanpedro.com.ar\/sitio\/wp-json\/wp\/v2\/media?parent=81365"}],"wp:term":[{"taxonomy":"category","embeddable":true,"href":"https:\/\/eldiariodesanpedro.com.ar\/sitio\/wp-json\/wp\/v2\/categories?post=81365"},{"taxonomy":"post_tag","embeddable":true,"href":"https:\/\/eldiariodesanpedro.com.ar\/sitio\/wp-json\/wp\/v2\/tags?post=81365"}],"curies":[{"name":"wp","href":"https:\/\/api.w.org\/{rel}","templated":true}]}}