{"id":81346,"date":"2020-09-23T10:25:24","date_gmt":"2020-09-23T13:25:24","guid":{"rendered":"https:\/\/eldiariodesanpedro.com.ar\/sitio\/?p=81346"},"modified":"2020-09-23T10:25:28","modified_gmt":"2020-09-23T13:25:28","slug":"se-comenzo-con-los-trabajos-en-los-testeos-en-la-clinica-sadiv","status":"publish","type":"post","link":"https:\/\/eldiariodesanpedro.com.ar\/sitio\/se-comenzo-con-los-trabajos-en-los-testeos-en-la-clinica-sadiv\/","title":{"rendered":"Se comenz\u00f3 con los trabajos en los testeos en la cl\u00ednica Sadiv"},"content":{"rendered":"<!-- VideographyWP Plugin Message: Automatic video embedding prevented by plugin options. -->\n\n<p>Comenz\u00f3 el an\u00e1lisis de las muestras tomadas durante el operativo desplegado este lunes con m\u00e1s de 600 an\u00e1lisis a voluntarios sampedrinos. <\/p>\n\n\n\n<p>El equipo del Laboratorio del Hospital Privado SADIV lleva adelante este proceso para poder compartir en breve los resultados de los test de anticuerpos coordinados desde la Secretar\u00eda de Salud de la Municipalidad de San Pedro.<\/p>\n\n\n\n<p>Estar\u00e1n terminados entre 7 y 10 d\u00edas.<a href=\"https:\/\/www.facebook.com\/sanpedrobuenosaires\/photos\/pcb.3348619958565989\/3348619888565996\/?__cft__[0]=AZXkcEJWphgDKbEb30pQsRuqxQjS7kwrO-FgldPkGEKdBphFu9kETiHXt4eovoCC7PMACFaiAWc0C2NLkKKSBVN1Fi6bHZ-R1IgM8312hF2JM9DeUNIwhxihQIuKxhoIrhpdLvPpUlIm8Bjt22c9O91cFr0cDXCgh5ptuh39Vp2lRDoDifYw7kDM3fZbs66bM_c&amp;__tn__=*bH-R\"><\/a><\/p>\n\n\n\n<p><\/p>\n","protected":false},"excerpt":{"rendered":"<p>Comenz\u00f3 el an\u00e1lisis de las muestras tomadas durante el operativo desplegado este lunes con m\u00e1s de 600 an\u00e1lisis a voluntarios sampedrinos. El equipo del Laboratorio del Hospital Privado SADIV lleva adelante este proceso para poder compartir en breve los resultados de los test de anticuerpos coordinados desde la Secretar\u00eda de Salud de la Municipalidad de [&hellip;]<\/p>\n","protected":false},"author":4,"featured_media":81347,"comment_status":"open","ping_status":"closed","sticky":false,"template":"","format":"standard","meta":{"om_disable_all_campaigns":false,"_jetpack_memberships_contains_paid_content":false,"footnotes":""},"categories":[101,2],"tags":[197,808,833,696,33,765,1704],"class_list":["post-81346","post","type-post","status-publish","format-standard","has-post-thumbnail","hentry","category-interes-general-locales","category-locales","tag-buenos-aires","tag-coronavirus","tag-covid","tag-interes-general","tag-locales","tag-sadiv","tag-testeos"],"aioseo_notices":[],"gutentor_comment":0,"jetpack_featured_media_url":"https:\/\/eldiariodesanpedro.com.ar\/sitio\/wp-content\/uploads\/2020\/09\/120064701_3348619898565995_8296737123690771293_o.jpg","jetpack_shortlink":"https:\/\/wp.me\/p6RhLt-la2","jetpack_sharing_enabled":true,"_links":{"self":[{"href":"https:\/\/eldiariodesanpedro.com.ar\/sitio\/wp-json\/wp\/v2\/posts\/81346","targetHints":{"allow":["GET"]}}],"collection":[{"href":"https:\/\/eldiariodesanpedro.com.ar\/sitio\/wp-json\/wp\/v2\/posts"}],"about":[{"href":"https:\/\/eldiariodesanpedro.com.ar\/sitio\/wp-json\/wp\/v2\/types\/post"}],"author":[{"embeddable":true,"href":"https:\/\/eldiariodesanpedro.com.ar\/sitio\/wp-json\/wp\/v2\/users\/4"}],"replies":[{"embeddable":true,"href":"https:\/\/eldiariodesanpedro.com.ar\/sitio\/wp-json\/wp\/v2\/comments?post=81346"}],"version-history":[{"count":1,"href":"https:\/\/eldiariodesanpedro.com.ar\/sitio\/wp-json\/wp\/v2\/posts\/81346\/revisions"}],"predecessor-version":[{"id":81348,"href":"https:\/\/eldiariodesanpedro.com.ar\/sitio\/wp-json\/wp\/v2\/posts\/81346\/revisions\/81348"}],"wp:featuredmedia":[{"embeddable":true,"href":"https:\/\/eldiariodesanpedro.com.ar\/sitio\/wp-json\/wp\/v2\/media\/81347"}],"wp:attachment":[{"href":"https:\/\/eldiariodesanpedro.com.ar\/sitio\/wp-json\/wp\/v2\/media?parent=81346"}],"wp:term":[{"taxonomy":"category","embeddable":true,"href":"https:\/\/eldiariodesanpedro.com.ar\/sitio\/wp-json\/wp\/v2\/categories?post=81346"},{"taxonomy":"post_tag","embeddable":true,"href":"https:\/\/eldiariodesanpedro.com.ar\/sitio\/wp-json\/wp\/v2\/tags?post=81346"}],"curies":[{"name":"wp","href":"https:\/\/api.w.org\/{rel}","templated":true}]}}