{"id":81344,"date":"2020-09-23T10:22:18","date_gmt":"2020-09-23T13:22:18","guid":{"rendered":"https:\/\/eldiariodesanpedro.com.ar\/sitio\/?p=81344"},"modified":"2020-09-23T10:22:26","modified_gmt":"2020-09-23T13:22:26","slug":"sin-atencion-al-publico-en-la-direccion-de-rentas-por-caso-de-coronavirus","status":"publish","type":"post","link":"https:\/\/eldiariodesanpedro.com.ar\/sitio\/sin-atencion-al-publico-en-la-direccion-de-rentas-por-caso-de-coronavirus\/","title":{"rendered":"Sin atenci\u00f3n al p\u00fablico en la Direcci\u00f3n de Rentas por caso de coronavirus"},"content":{"rendered":"<!-- VideographyWP Plugin Message: Automatic video embedding prevented by plugin options. -->\n\n<p>La Direcci\u00f3n de Rentas de la Municipalidad de San Pedro informa que preventivamente y ante la confirmaci\u00f3n de casos positivos de Covid-19 y testeos en personal del \u00e1rea, la atenci\u00f3n de las oficinas, tanto de planta baja como del primer piso se encuentra suspendida hasta nuevo aviso.<\/p>\n\n\n\n<p>Para la realizaci\u00f3n de tr\u00e1mites o gestiones se encuentran disponibles todos los canales digitales accesibles desde <a rel=\"noreferrer noopener\" href=\"http:\/\/www.sanpedro.gob.ar\/?fbclid=IwAR1DBxaoYmDXcH20WM2_11_EFMVibWk7yarrXVM10zaqLhclV_vADmVrLJc\" target=\"_blank\">www.sanpedro.gob.ar.<\/a><\/p>\n\n\n\n<p>Las cajas de tesorer\u00eda continuar\u00e1n funcionando con normalidad y manteniendo las medidas de prevenci\u00f3n vigentes.<\/p>\n\n\n\n<p>Se recuerda que con un recibo anterior o el n\u00famero de cuenta tambi\u00e9n pueden abonarse en las cajas del Centro de Comercio.<\/p>\n","protected":false},"excerpt":{"rendered":"<p>La Direcci\u00f3n de Rentas de la Municipalidad de San Pedro informa que preventivamente y ante la confirmaci\u00f3n de casos positivos de Covid-19 y testeos en personal del \u00e1rea, la atenci\u00f3n de las oficinas, tanto de planta baja como del primer piso se encuentra suspendida hasta nuevo aviso. Para la realizaci\u00f3n de tr\u00e1mites o gestiones se [&hellip;]<\/p>\n","protected":false},"author":4,"featured_media":72151,"comment_status":"open","ping_status":"closed","sticky":false,"template":"","format":"standard","meta":{"om_disable_all_campaigns":false,"_jetpack_memberships_contains_paid_content":false,"footnotes":""},"categories":[101,2],"tags":[197,696,33,1799],"class_list":["post-81344","post","type-post","status-publish","format-standard","has-post-thumbnail","hentry","category-interes-general-locales","category-locales","tag-buenos-aires","tag-interes-general","tag-locales","tag-municiapaldad"],"aioseo_notices":[],"gutentor_comment":0,"jetpack_featured_media_url":"https:\/\/eldiariodesanpedro.com.ar\/sitio\/wp-content\/uploads\/2020\/04\/Municipalidad.jpg","jetpack_shortlink":"https:\/\/wp.me\/p6RhLt-la0","jetpack_sharing_enabled":true,"_links":{"self":[{"href":"https:\/\/eldiariodesanpedro.com.ar\/sitio\/wp-json\/wp\/v2\/posts\/81344","targetHints":{"allow":["GET"]}}],"collection":[{"href":"https:\/\/eldiariodesanpedro.com.ar\/sitio\/wp-json\/wp\/v2\/posts"}],"about":[{"href":"https:\/\/eldiariodesanpedro.com.ar\/sitio\/wp-json\/wp\/v2\/types\/post"}],"author":[{"embeddable":true,"href":"https:\/\/eldiariodesanpedro.com.ar\/sitio\/wp-json\/wp\/v2\/users\/4"}],"replies":[{"embeddable":true,"href":"https:\/\/eldiariodesanpedro.com.ar\/sitio\/wp-json\/wp\/v2\/comments?post=81344"}],"version-history":[{"count":1,"href":"https:\/\/eldiariodesanpedro.com.ar\/sitio\/wp-json\/wp\/v2\/posts\/81344\/revisions"}],"predecessor-version":[{"id":81345,"href":"https:\/\/eldiariodesanpedro.com.ar\/sitio\/wp-json\/wp\/v2\/posts\/81344\/revisions\/81345"}],"wp:featuredmedia":[{"embeddable":true,"href":"https:\/\/eldiariodesanpedro.com.ar\/sitio\/wp-json\/wp\/v2\/media\/72151"}],"wp:attachment":[{"href":"https:\/\/eldiariodesanpedro.com.ar\/sitio\/wp-json\/wp\/v2\/media?parent=81344"}],"wp:term":[{"taxonomy":"category","embeddable":true,"href":"https:\/\/eldiariodesanpedro.com.ar\/sitio\/wp-json\/wp\/v2\/categories?post=81344"},{"taxonomy":"post_tag","embeddable":true,"href":"https:\/\/eldiariodesanpedro.com.ar\/sitio\/wp-json\/wp\/v2\/tags?post=81344"}],"curies":[{"name":"wp","href":"https:\/\/api.w.org\/{rel}","templated":true}]}}