{"id":81339,"date":"2020-09-23T10:13:06","date_gmt":"2020-09-23T13:13:06","guid":{"rendered":"https:\/\/eldiariodesanpedro.com.ar\/sitio\/?p=81339"},"modified":"2020-09-23T10:13:10","modified_gmt":"2020-09-23T13:13:10","slug":"denuncia-por-un-perro-abandonado-y-maltratado","status":"publish","type":"post","link":"https:\/\/eldiariodesanpedro.com.ar\/sitio\/denuncia-por-un-perro-abandonado-y-maltratado\/","title":{"rendered":"Denuncia por un perro abandonado y maltratado"},"content":{"rendered":"<!-- VideographyWP Plugin Message: Automatic video embedding prevented by plugin options. -->\n\n<p>Este martes una mujer de 32 a\u00f1os, que caminaba por calle An\u00edbal de Ant\u00f3n al 1400, observa un perro el cual estaba atado y en malas condiciones, sin agua, comida, expuesto a rayos solares y a la intemperie.&nbsp;<\/p>\n\n\n\n<p>No pudo entrevistar con morado y se acerc\u00f3 a la comisar\u00eda para realizar la denuncia de maltrato animal.<\/p>\n","protected":false},"excerpt":{"rendered":"<p>Este martes una mujer de 32 a\u00f1os, que caminaba por calle An\u00edbal de Ant\u00f3n al 1400, observa un perro el cual estaba atado y en malas condiciones, sin agua, comida, expuesto a rayos solares y a la intemperie.&nbsp; No pudo entrevistar con morado y se acerc\u00f3 a la comisar\u00eda para realizar la denuncia de maltrato [&hellip;]<\/p>\n","protected":false},"author":4,"featured_media":45394,"comment_status":"open","ping_status":"closed","sticky":false,"template":"","format":"standard","meta":{"om_disable_all_campaigns":false,"_jetpack_memberships_contains_paid_content":false,"footnotes":""},"categories":[2,103],"tags":[],"class_list":["post-81339","post","type-post","status-publish","format-standard","has-post-thumbnail","hentry","category-locales","category-policiales-locales"],"aioseo_notices":[],"gutentor_comment":0,"jetpack_featured_media_url":"https:\/\/eldiariodesanpedro.com.ar\/sitio\/wp-content\/uploads\/2019\/01\/comisaria.jpg","jetpack_shortlink":"https:\/\/wp.me\/p6RhLt-l9V","jetpack_sharing_enabled":true,"_links":{"self":[{"href":"https:\/\/eldiariodesanpedro.com.ar\/sitio\/wp-json\/wp\/v2\/posts\/81339","targetHints":{"allow":["GET"]}}],"collection":[{"href":"https:\/\/eldiariodesanpedro.com.ar\/sitio\/wp-json\/wp\/v2\/posts"}],"about":[{"href":"https:\/\/eldiariodesanpedro.com.ar\/sitio\/wp-json\/wp\/v2\/types\/post"}],"author":[{"embeddable":true,"href":"https:\/\/eldiariodesanpedro.com.ar\/sitio\/wp-json\/wp\/v2\/users\/4"}],"replies":[{"embeddable":true,"href":"https:\/\/eldiariodesanpedro.com.ar\/sitio\/wp-json\/wp\/v2\/comments?post=81339"}],"version-history":[{"count":1,"href":"https:\/\/eldiariodesanpedro.com.ar\/sitio\/wp-json\/wp\/v2\/posts\/81339\/revisions"}],"predecessor-version":[{"id":81340,"href":"https:\/\/eldiariodesanpedro.com.ar\/sitio\/wp-json\/wp\/v2\/posts\/81339\/revisions\/81340"}],"wp:featuredmedia":[{"embeddable":true,"href":"https:\/\/eldiariodesanpedro.com.ar\/sitio\/wp-json\/wp\/v2\/media\/45394"}],"wp:attachment":[{"href":"https:\/\/eldiariodesanpedro.com.ar\/sitio\/wp-json\/wp\/v2\/media?parent=81339"}],"wp:term":[{"taxonomy":"category","embeddable":true,"href":"https:\/\/eldiariodesanpedro.com.ar\/sitio\/wp-json\/wp\/v2\/categories?post=81339"},{"taxonomy":"post_tag","embeddable":true,"href":"https:\/\/eldiariodesanpedro.com.ar\/sitio\/wp-json\/wp\/v2\/tags?post=81339"}],"curies":[{"name":"wp","href":"https:\/\/api.w.org\/{rel}","templated":true}]}}