{"id":81335,"date":"2020-09-23T10:06:16","date_gmt":"2020-09-23T13:06:16","guid":{"rendered":"https:\/\/eldiariodesanpedro.com.ar\/sitio\/?p=81335"},"modified":"2020-09-23T10:06:20","modified_gmt":"2020-09-23T13:06:20","slug":"un-aprehendido-con-tenencia-de-estupefacientes-3","status":"publish","type":"post","link":"https:\/\/eldiariodesanpedro.com.ar\/sitio\/un-aprehendido-con-tenencia-de-estupefacientes-3\/","title":{"rendered":"Un aprehendido con tenencia de estupefacientes"},"content":{"rendered":"<!-- VideographyWP Plugin Message: Automatic video embedding prevented by plugin options. -->\n\n<p>El personal de la comisar\u00eda local se hace presente en domicilio Arnaldo 1100, procede al traslado fines notificaci\u00f3n de formaci\u00f3n causa&nbsp; a masculino de 19 a\u00f1os,a quien se le secuestr\u00f3 en su poder envoltorio nylon con sustancia marihuana peso 2.8 grs.<\/p>\n\n\n\n<p>El joven fue trasladado a la dependencia local donde se informa que quedar\u00e1 imputado por el delito y su posterior libertad.<\/p>\n","protected":false},"excerpt":{"rendered":"<p>El personal de la comisar\u00eda local se hace presente en domicilio Arnaldo 1100, procede al traslado fines notificaci\u00f3n de formaci\u00f3n causa&nbsp; a masculino de 19 a\u00f1os,a quien se le secuestr\u00f3 en su poder envoltorio nylon con sustancia marihuana peso 2.8 grs. El joven fue trasladado a la dependencia local donde se informa que quedar\u00e1 imputado [&hellip;]<\/p>\n","protected":false},"author":4,"featured_media":80172,"comment_status":"open","ping_status":"closed","sticky":false,"template":"","format":"standard","meta":{"om_disable_all_campaigns":false,"_jetpack_memberships_contains_paid_content":false,"footnotes":""},"categories":[2,103],"tags":[197,33,95],"class_list":["post-81335","post","type-post","status-publish","format-standard","has-post-thumbnail","hentry","category-locales","category-policiales-locales","tag-buenos-aires","tag-locales","tag-policiales"],"aioseo_notices":[],"gutentor_comment":0,"jetpack_featured_media_url":"https:\/\/eldiariodesanpedro.com.ar\/sitio\/wp-content\/uploads\/2020\/08\/lvp.lvp_.img_nv000592.jpg","jetpack_shortlink":"https:\/\/wp.me\/p6RhLt-l9R","jetpack_sharing_enabled":true,"_links":{"self":[{"href":"https:\/\/eldiariodesanpedro.com.ar\/sitio\/wp-json\/wp\/v2\/posts\/81335","targetHints":{"allow":["GET"]}}],"collection":[{"href":"https:\/\/eldiariodesanpedro.com.ar\/sitio\/wp-json\/wp\/v2\/posts"}],"about":[{"href":"https:\/\/eldiariodesanpedro.com.ar\/sitio\/wp-json\/wp\/v2\/types\/post"}],"author":[{"embeddable":true,"href":"https:\/\/eldiariodesanpedro.com.ar\/sitio\/wp-json\/wp\/v2\/users\/4"}],"replies":[{"embeddable":true,"href":"https:\/\/eldiariodesanpedro.com.ar\/sitio\/wp-json\/wp\/v2\/comments?post=81335"}],"version-history":[{"count":1,"href":"https:\/\/eldiariodesanpedro.com.ar\/sitio\/wp-json\/wp\/v2\/posts\/81335\/revisions"}],"predecessor-version":[{"id":81336,"href":"https:\/\/eldiariodesanpedro.com.ar\/sitio\/wp-json\/wp\/v2\/posts\/81335\/revisions\/81336"}],"wp:featuredmedia":[{"embeddable":true,"href":"https:\/\/eldiariodesanpedro.com.ar\/sitio\/wp-json\/wp\/v2\/media\/80172"}],"wp:attachment":[{"href":"https:\/\/eldiariodesanpedro.com.ar\/sitio\/wp-json\/wp\/v2\/media?parent=81335"}],"wp:term":[{"taxonomy":"category","embeddable":true,"href":"https:\/\/eldiariodesanpedro.com.ar\/sitio\/wp-json\/wp\/v2\/categories?post=81335"},{"taxonomy":"post_tag","embeddable":true,"href":"https:\/\/eldiariodesanpedro.com.ar\/sitio\/wp-json\/wp\/v2\/tags?post=81335"}],"curies":[{"name":"wp","href":"https:\/\/api.w.org\/{rel}","templated":true}]}}