{"id":81333,"date":"2020-09-23T09:45:04","date_gmt":"2020-09-23T12:45:04","guid":{"rendered":"https:\/\/eldiariodesanpedro.com.ar\/sitio\/?p=81333"},"modified":"2020-09-23T09:45:08","modified_gmt":"2020-09-23T12:45:08","slug":"amenazo-y-ataco-a-su-madre-con-un-cuchillo-y-una-pala","status":"publish","type":"post","link":"https:\/\/eldiariodesanpedro.com.ar\/sitio\/amenazo-y-ataco-a-su-madre-con-un-cuchillo-y-una-pala\/","title":{"rendered":"Amenazo y ataco a su madre con un cuchillo y una pala"},"content":{"rendered":"<!-- VideographyWP Plugin Message: Automatic video embedding prevented by plugin options. -->\n\n<p>El personal policial alertado acude calle Humanes 2000,&nbsp; la polic\u00eda de la comisar\u00eda local procede a la aprehensi\u00f3n de femenina de 25 a\u00f1os secuestrando su poder arma blanca, quien momentos antes&nbsp; profiri\u00f3 amenazas de muerte y caus\u00f3 da\u00f1os en la vivienda, intentando agredir a su progenitora utilizando una pala.<\/p>\n\n\n\n<p>Se logr\u00f3 el secuestro de otros elementos contundentes contundentes con lo que trat\u00f3 de agredir a su madre.&nbsp;<\/p>\n\n\n\n<p>La v\u00edctima fue asistida en la comisar\u00eda de la Mujer y la Familia tomando intervenci\u00f3n la . UFI 5.&nbsp;Por su parte la agresora qued\u00f3 imputada y aprehendida en sede policial.&nbsp;&nbsp;&nbsp;<\/p>\n","protected":false},"excerpt":{"rendered":"<p>El personal policial alertado acude calle Humanes 2000,&nbsp; la polic\u00eda de la comisar\u00eda local procede a la aprehensi\u00f3n de femenina de 25 a\u00f1os secuestrando su poder arma blanca, quien momentos antes&nbsp; profiri\u00f3 amenazas de muerte y caus\u00f3 da\u00f1os en la vivienda, intentando agredir a su progenitora utilizando una pala. Se logr\u00f3 el secuestro de otros [&hellip;]<\/p>\n","protected":false},"author":4,"featured_media":78774,"comment_status":"open","ping_status":"closed","sticky":false,"template":"","format":"standard","meta":{"om_disable_all_campaigns":false,"_jetpack_memberships_contains_paid_content":false,"footnotes":""},"categories":[2,103],"tags":[],"class_list":["post-81333","post","type-post","status-publish","format-standard","has-post-thumbnail","hentry","category-locales","category-policiales-locales"],"aioseo_notices":[],"gutentor_comment":0,"jetpack_featured_media_url":"https:\/\/eldiariodesanpedro.com.ar\/sitio\/wp-content\/uploads\/2020\/08\/Policia-de-noche-2014-695x510-1.jpg","jetpack_shortlink":"https:\/\/wp.me\/p6RhLt-l9P","jetpack_sharing_enabled":true,"_links":{"self":[{"href":"https:\/\/eldiariodesanpedro.com.ar\/sitio\/wp-json\/wp\/v2\/posts\/81333","targetHints":{"allow":["GET"]}}],"collection":[{"href":"https:\/\/eldiariodesanpedro.com.ar\/sitio\/wp-json\/wp\/v2\/posts"}],"about":[{"href":"https:\/\/eldiariodesanpedro.com.ar\/sitio\/wp-json\/wp\/v2\/types\/post"}],"author":[{"embeddable":true,"href":"https:\/\/eldiariodesanpedro.com.ar\/sitio\/wp-json\/wp\/v2\/users\/4"}],"replies":[{"embeddable":true,"href":"https:\/\/eldiariodesanpedro.com.ar\/sitio\/wp-json\/wp\/v2\/comments?post=81333"}],"version-history":[{"count":1,"href":"https:\/\/eldiariodesanpedro.com.ar\/sitio\/wp-json\/wp\/v2\/posts\/81333\/revisions"}],"predecessor-version":[{"id":81334,"href":"https:\/\/eldiariodesanpedro.com.ar\/sitio\/wp-json\/wp\/v2\/posts\/81333\/revisions\/81334"}],"wp:featuredmedia":[{"embeddable":true,"href":"https:\/\/eldiariodesanpedro.com.ar\/sitio\/wp-json\/wp\/v2\/media\/78774"}],"wp:attachment":[{"href":"https:\/\/eldiariodesanpedro.com.ar\/sitio\/wp-json\/wp\/v2\/media?parent=81333"}],"wp:term":[{"taxonomy":"category","embeddable":true,"href":"https:\/\/eldiariodesanpedro.com.ar\/sitio\/wp-json\/wp\/v2\/categories?post=81333"},{"taxonomy":"post_tag","embeddable":true,"href":"https:\/\/eldiariodesanpedro.com.ar\/sitio\/wp-json\/wp\/v2\/tags?post=81333"}],"curies":[{"name":"wp","href":"https:\/\/api.w.org\/{rel}","templated":true}]}}