{"id":81327,"date":"2020-09-22T20:06:52","date_gmt":"2020-09-22T23:06:52","guid":{"rendered":"https:\/\/eldiariodesanpedro.com.ar\/sitio\/?p=81327"},"modified":"2020-09-22T20:08:03","modified_gmt":"2020-09-22T23:08:03","slug":"hoy-se-registraron-22-nuevos-casos-con-un-total-activo-de-176","status":"publish","type":"post","link":"https:\/\/eldiariodesanpedro.com.ar\/sitio\/hoy-se-registraron-22-nuevos-casos-con-un-total-activo-de-176\/","title":{"rendered":"Hoy se registraron 22 nuevos casos, con un total activo de 176"},"content":{"rendered":"<!-- VideographyWP Plugin Message: Automatic video embedding prevented by plugin options. -->\n\n<p>La Secretar\u00eda de Salud de la Municipalidad de San Pedro informa que hasta el momento se suman 22 nuevos casos positivos, informados desde los laboratorios que procesan muestras enviadas desde nuestro distrito.<br>Adem\u00e1s, se notificaron 31 muestras negativas.<br>Hoy se enviaron 59 nuevas muestras y se cargaron 32 nuevas altas.<br>En San Pedro al d\u00eda de la fecha se registran 176 casos activos y est\u00e1n pendientes 88 muestras.<\/p>\n\n\n\n<p>Detalle:<br>Sistema P\u00fablico: 18 casos positivos<\/p>\n\n\n\n<ul class=\"wp-block-list\"><li>Se recibieron los resultados de 43 muestras enviadas, con 18 positivos y 25 negativos.<br>Los nuevos casos positivos corresponden a mujeres de 29, 30, 31, 36, 38, 42, 48 y 63 a\u00f1os; y hombres de 14, 30, 40(2), 47, 50, 55, 56, 79 y 80 a\u00f1os.<\/li><\/ul>\n\n\n\n<p>Uno de los casos positivos corresponde al Sr. Guillermo Curra de 50 a\u00f1os quien falleci\u00f3 en su domicilio.<br>En las \u00faltimas horas, se inform\u00f3 el fallecimiento de la Sra. Adriana Epelde de 60 a\u00f1os, que se encontraba internada en Rosario, diagnosticada como caso positivo de Covid-19<\/p>\n\n\n\n<p>Laboratorios Privados: 4 casos positivos<\/p>\n\n\n\n<ul class=\"wp-block-list\"><li>En el Laboratorio del Hospital SADIV, fueron recibidas seis muestras con resultado negativo y cuatro con resultado positivo correspondientes hombres de 40, 45, 46 y 64 a\u00f1os.<\/li><\/ul>\n\n\n\n<p>Muestras<br>Se enviaron 59 muestras al sistema p\u00fablico que corresponden a:<\/p>\n\n\n\n<ul class=\"wp-block-list\"><li>34 mujeres de 15, 19, 21, 22, 24(2), 25, 26, 27(2), 28, 30(2), 31(2), 32, 35(2), 36(3), 37, 40, 41, 42, 45, 46, 47, 48, 53, 54, 56, 58 y 67 a\u00f1os.<\/li><li>25 hombres de 24, 25(3), 28, 29, 30(2), 32, 33, 39(3), 44, 46, 47, 48(2), 53, 54(2), 56, 61, 64 y 66 a\u00f1os.<\/li><\/ul>\n\n\n\n<p>Recuperados: 32<br>Los nuevos pacientes que se suman al grupo de recuperados son:<\/p>\n\n\n\n<ul class=\"wp-block-list\"><li>16 mujeres de 22, 28, 29, 33, 37(2), 39, 45(2), 46, 48, 52, 59, 60, 66 y 74 a\u00f1os.<\/li><li>16 hombres de 16, 24(2), 31, 32, 33, 39, 42(2), 47(2), 52, 61, 62, 76 y 81 a\u00f1os.<\/li><\/ul>\n\n\n\n<p>Con esta actualizaci\u00f3n el resumen es el siguiente:<\/p>\n\n\n\n<p>RESUMEN<br>Nuevas muestras enviadas p\u00fablico-mixto: 59<br>Muestras Pendientes p\u00fablico-mixto: 88<br>Nuevas muestras negativas p\u00fablico-mixto-privado: 31<br>Nuevos Casos Positivos p\u00fablico-mixto-privado: 22<br>Total de confirmados: 794(*)<br>Total de casos activos: 176<br>Total de casos recuperados: 588<br>Total de casos fallecidos: 30<br>Total de muestras negativas sistema p\u00fablico-mixto-privado: 1174<br>(*) En este informe s\u00f3lo se incluyen los positivos confirmados con hisopado.<\/p>\n\n\n\n<p>&#x1f449; Usar tapabocas.<br>&#x1f449; Mantener la distancia m\u00ednima de 2 metros.<br>&#x1f449; Extremar la higiene de los espacios.<br>&#x1f449; Mantener las manos limpias.<\/p>\n\n\n\n<p>Se recuerda que, ante s\u00edntomas de tos seca, fiebre y dolor de garganta y la probabilidad de haber estado en contacto con enfermos o viajeros llegados desde las zonas transmisi\u00f3n local o comunitaria se puede llamar al 148 o 107.<\/p>\n\n\n\n<figure class=\"wp-block-image size-large\"><img decoding=\"async\" width=\"1024\" height=\"992\" data-attachment-id=\"81329\" data-permalink=\"https:\/\/eldiariodesanpedro.com.ar\/sitio\/hoy-se-registraron-22-nuevos-casos-con-un-total-activo-de-176\/whatsapp-image-2020-09-22-at-19-33-52\/\" data-orig-file=\"https:\/\/eldiariodesanpedro.com.ar\/sitio\/wp-content\/uploads\/2020\/09\/WhatsApp-Image-2020-09-22-at-19.33.52.jpeg\" data-orig-size=\"1280,1240\" data-comments-opened=\"1\" data-image-meta=\"{&quot;aperture&quot;:&quot;0&quot;,&quot;credit&quot;:&quot;&quot;,&quot;camera&quot;:&quot;&quot;,&quot;caption&quot;:&quot;&quot;,&quot;created_timestamp&quot;:&quot;0&quot;,&quot;copyright&quot;:&quot;&quot;,&quot;focal_length&quot;:&quot;0&quot;,&quot;iso&quot;:&quot;0&quot;,&quot;shutter_speed&quot;:&quot;0&quot;,&quot;title&quot;:&quot;&quot;,&quot;orientation&quot;:&quot;0&quot;}\" data-image-title=\"WhatsApp Image 2020-09-22 at 19.33.52\" data-image-description=\"\" data-image-caption=\"\" data-large-file=\"https:\/\/eldiariodesanpedro.com.ar\/sitio\/wp-content\/uploads\/2020\/09\/WhatsApp-Image-2020-09-22-at-19.33.52-1024x992.jpeg\" data-src=\"https:\/\/eldiariodesanpedro.com.ar\/sitio\/wp-content\/uploads\/2020\/09\/WhatsApp-Image-2020-09-22-at-19.33.52-1024x992.jpeg\" alt=\"\" class=\"wp-image-81329 lazyload\" data-srcset=\"https:\/\/eldiariodesanpedro.com.ar\/sitio\/wp-content\/uploads\/2020\/09\/WhatsApp-Image-2020-09-22-at-19.33.52-1024x992.jpeg 1024w, https:\/\/eldiariodesanpedro.com.ar\/sitio\/wp-content\/uploads\/2020\/09\/WhatsApp-Image-2020-09-22-at-19.33.52-300x291.jpeg 300w, https:\/\/eldiariodesanpedro.com.ar\/sitio\/wp-content\/uploads\/2020\/09\/WhatsApp-Image-2020-09-22-at-19.33.52-768x744.jpeg 768w, https:\/\/eldiariodesanpedro.com.ar\/sitio\/wp-content\/uploads\/2020\/09\/WhatsApp-Image-2020-09-22-at-19.33.52.jpeg 1280w\" data-sizes=\"(max-width: 1024px) 100vw, 1024px\" src=\"data:image\/svg+xml;base64,PHN2ZyB3aWR0aD0iMSIgaGVpZ2h0PSIxIiB4bWxucz0iaHR0cDovL3d3dy53My5vcmcvMjAwMC9zdmciPjwvc3ZnPg==\" style=\"--smush-placeholder-width: 1024px; --smush-placeholder-aspect-ratio: 1024\/992;\" \/><\/figure>\n","protected":false},"excerpt":{"rendered":"<p>La Secretar\u00eda de Salud de la Municipalidad de San Pedro informa que hasta el momento se suman 22 nuevos casos positivos, informados desde los laboratorios que procesan muestras enviadas desde nuestro distrito.Adem\u00e1s, se notificaron 31 muestras negativas.Hoy se enviaron 59 nuevas muestras y se cargaron 32 nuevas altas.En San Pedro al d\u00eda de la fecha [&hellip;]<\/p>\n","protected":false},"author":4,"featured_media":76552,"comment_status":"open","ping_status":"closed","sticky":false,"template":"","format":"standard","meta":{"om_disable_all_campaigns":false,"_jetpack_memberships_contains_paid_content":false,"footnotes":""},"categories":[50,101,2],"tags":[197,696,33],"class_list":["post-81327","post","type-post","status-publish","format-standard","has-post-thumbnail","hentry","category-destacadas","category-interes-general-locales","category-locales","tag-buenos-aires","tag-interes-general","tag-locales"],"aioseo_notices":[],"gutentor_comment":0,"jetpack_featured_media_url":"https:\/\/eldiariodesanpedro.com.ar\/sitio\/wp-content\/uploads\/2020\/06\/1584521037_402843_1584523883_noticia_normal.jpg","jetpack_shortlink":"https:\/\/wp.me\/p6RhLt-l9J","jetpack_sharing_enabled":true,"_links":{"self":[{"href":"https:\/\/eldiariodesanpedro.com.ar\/sitio\/wp-json\/wp\/v2\/posts\/81327","targetHints":{"allow":["GET"]}}],"collection":[{"href":"https:\/\/eldiariodesanpedro.com.ar\/sitio\/wp-json\/wp\/v2\/posts"}],"about":[{"href":"https:\/\/eldiariodesanpedro.com.ar\/sitio\/wp-json\/wp\/v2\/types\/post"}],"author":[{"embeddable":true,"href":"https:\/\/eldiariodesanpedro.com.ar\/sitio\/wp-json\/wp\/v2\/users\/4"}],"replies":[{"embeddable":true,"href":"https:\/\/eldiariodesanpedro.com.ar\/sitio\/wp-json\/wp\/v2\/comments?post=81327"}],"version-history":[{"count":2,"href":"https:\/\/eldiariodesanpedro.com.ar\/sitio\/wp-json\/wp\/v2\/posts\/81327\/revisions"}],"predecessor-version":[{"id":81330,"href":"https:\/\/eldiariodesanpedro.com.ar\/sitio\/wp-json\/wp\/v2\/posts\/81327\/revisions\/81330"}],"wp:featuredmedia":[{"embeddable":true,"href":"https:\/\/eldiariodesanpedro.com.ar\/sitio\/wp-json\/wp\/v2\/media\/76552"}],"wp:attachment":[{"href":"https:\/\/eldiariodesanpedro.com.ar\/sitio\/wp-json\/wp\/v2\/media?parent=81327"}],"wp:term":[{"taxonomy":"category","embeddable":true,"href":"https:\/\/eldiariodesanpedro.com.ar\/sitio\/wp-json\/wp\/v2\/categories?post=81327"},{"taxonomy":"post_tag","embeddable":true,"href":"https:\/\/eldiariodesanpedro.com.ar\/sitio\/wp-json\/wp\/v2\/tags?post=81327"}],"curies":[{"name":"wp","href":"https:\/\/api.w.org\/{rel}","templated":true}]}}