{"id":81321,"date":"2020-09-22T14:26:02","date_gmt":"2020-09-22T17:26:02","guid":{"rendered":"https:\/\/eldiariodesanpedro.com.ar\/sitio\/?p=81321"},"modified":"2020-09-22T14:26:06","modified_gmt":"2020-09-22T17:26:06","slug":"gran-incendio-en-el-paseo-publico","status":"publish","type":"post","link":"https:\/\/eldiariodesanpedro.com.ar\/sitio\/gran-incendio-en-el-paseo-publico\/","title":{"rendered":"Gran incendio en el Paseo Publico"},"content":{"rendered":"<!-- VideographyWP Plugin Message: Automatic video embedding prevented by plugin options. -->\n\n<p>En horas cercanas al mediod\u00eda se hizo presente dos dotaciones de Bomberos Voluntarios con 10 personas para poder sofocar un gran foco \u00edgneo que se desarrollaba dentro del paseo publico en el sector del ba\u00f1ado ubicado entre en el ex Actur y el Paseo Publico.<\/p>\n\n\n\n<p>Los Bomberos trabajaron en el lugar durante mas de 2 horas para poder sofocar completamente las llamas.<\/p>\n\n\n\n<p>Seg\u00fan informo Eduardo Rolleri el fuego se pudo haber iniciado de manera intencional por alguna persona que se encontraba pescando o en la zona.<\/p>\n\n\n\n<p>Otros testigos dijeron que empleados municipales estaban quemando hojas y se les sali\u00f3 de control.<\/p>\n\n\n\n<p>De cualquier manera el incendio fue tremendo dejando una gran parte del Paseo Publico quemado.<\/p>\n\n\n\n<figure class=\"wp-block-embed-facebook wp-block-embed\"><div class=\"wp-block-embed__wrapper\">\n<div class=\"fb-video\" data-allowfullscreen=\"true\" data-href=\"https:\/\/www.facebook.com\/watch\/?v=364243788036076&#038;extid=PpkEVIfG0WYNZyjs\" style=\"background-color: #fff; display: inline-block;\"><\/div>\n<\/div><\/figure>\n\n\n\n<figure class=\"wp-block-embed-facebook wp-block-embed\"><div class=\"wp-block-embed__wrapper\">\n<div class=\"fb-video\" data-allowfullscreen=\"true\" data-href=\"https:\/\/www.facebook.com\/watch\/?v=618194115521820&#038;extid=dsuwaiCCbFm9uxuE\" style=\"background-color: #fff; display: inline-block;\"><\/div>\n<\/div><\/figure>\n\n\n\n<figure class=\"wp-block-embed-facebook wp-block-embed\"><div class=\"wp-block-embed__wrapper\">\n<div class=\"fb-video\" data-allowfullscreen=\"true\" data-href=\"https:\/\/www.facebook.com\/watch\/?v=2794700697432064&#038;extid=ZKBUCQrzo5P7gD5r\" style=\"background-color: #fff; display: inline-block;\"><\/div>\n<\/div><\/figure>\n\n\n\n<figure class=\"wp-block-embed-facebook wp-block-embed is-type-rich is-provider-facebook\"><div class=\"wp-block-embed__wrapper\">\n<div class=\"fb-post\" data-href=\"https:\/\/www.facebook.com\/eldiario.desanpedro\/posts\/1384993888376413\" data-width=\"552\" style=\"background-color: #fff; display: inline-block;\"><\/div>\n<\/div><\/figure>\n","protected":false},"excerpt":{"rendered":"<p>En horas cercanas al mediod\u00eda se hizo presente dos dotaciones de Bomberos Voluntarios con 10 personas para poder sofocar un gran foco \u00edgneo que se desarrollaba dentro del paseo publico en el sector del ba\u00f1ado ubicado entre en el ex Actur y el Paseo Publico. Los Bomberos trabajaron en el lugar durante mas de 2 [&hellip;]<\/p>\n","protected":false},"author":4,"featured_media":81324,"comment_status":"open","ping_status":"closed","sticky":false,"template":"","format":"standard","meta":{"om_disable_all_campaigns":false,"_jetpack_memberships_contains_paid_content":false,"footnotes":""},"categories":[50,101,2],"tags":[197,562,1199,1798],"class_list":["post-81321","post","type-post","status-publish","format-standard","has-post-thumbnail","hentry","category-destacadas","category-interes-general-locales","category-locales","tag-buenos-aires","tag-incendio","tag-locales-interes-general","tag-paseo-publico"],"aioseo_notices":[],"gutentor_comment":0,"jetpack_featured_media_url":"https:\/\/eldiariodesanpedro.com.ar\/sitio\/wp-content\/uploads\/2020\/09\/120047629_1384991765043292_4826895527648229093_o.jpg","jetpack_shortlink":"https:\/\/wp.me\/p6RhLt-l9D","jetpack_sharing_enabled":true,"_links":{"self":[{"href":"https:\/\/eldiariodesanpedro.com.ar\/sitio\/wp-json\/wp\/v2\/posts\/81321","targetHints":{"allow":["GET"]}}],"collection":[{"href":"https:\/\/eldiariodesanpedro.com.ar\/sitio\/wp-json\/wp\/v2\/posts"}],"about":[{"href":"https:\/\/eldiariodesanpedro.com.ar\/sitio\/wp-json\/wp\/v2\/types\/post"}],"author":[{"embeddable":true,"href":"https:\/\/eldiariodesanpedro.com.ar\/sitio\/wp-json\/wp\/v2\/users\/4"}],"replies":[{"embeddable":true,"href":"https:\/\/eldiariodesanpedro.com.ar\/sitio\/wp-json\/wp\/v2\/comments?post=81321"}],"version-history":[{"count":1,"href":"https:\/\/eldiariodesanpedro.com.ar\/sitio\/wp-json\/wp\/v2\/posts\/81321\/revisions"}],"predecessor-version":[{"id":81326,"href":"https:\/\/eldiariodesanpedro.com.ar\/sitio\/wp-json\/wp\/v2\/posts\/81321\/revisions\/81326"}],"wp:featuredmedia":[{"embeddable":true,"href":"https:\/\/eldiariodesanpedro.com.ar\/sitio\/wp-json\/wp\/v2\/media\/81324"}],"wp:attachment":[{"href":"https:\/\/eldiariodesanpedro.com.ar\/sitio\/wp-json\/wp\/v2\/media?parent=81321"}],"wp:term":[{"taxonomy":"category","embeddable":true,"href":"https:\/\/eldiariodesanpedro.com.ar\/sitio\/wp-json\/wp\/v2\/categories?post=81321"},{"taxonomy":"post_tag","embeddable":true,"href":"https:\/\/eldiariodesanpedro.com.ar\/sitio\/wp-json\/wp\/v2\/tags?post=81321"}],"curies":[{"name":"wp","href":"https:\/\/api.w.org\/{rel}","templated":true}]}}