{"id":81317,"date":"2020-09-22T14:01:33","date_gmt":"2020-09-22T17:01:33","guid":{"rendered":"https:\/\/eldiariodesanpedro.com.ar\/sitio\/?p=81317"},"modified":"2020-09-22T14:01:37","modified_gmt":"2020-09-22T17:01:37","slug":"coopser-informa-corte-de-energia-programado-para-este-jueves","status":"publish","type":"post","link":"https:\/\/eldiariodesanpedro.com.ar\/sitio\/coopser-informa-corte-de-energia-programado-para-este-jueves\/","title":{"rendered":"Coopser informa corte de energ\u00eda programado para este jueves"},"content":{"rendered":"<!-- VideographyWP Plugin Message: Automatic video embedding prevented by plugin options. -->\n\n<p>COOPSER informa que&nbsp;<strong>el jueves 24<\/strong>&nbsp;de septiembre se cumplir\u00e1 con un corte de energ\u00eda el\u00e9ctrica por tareas de mantenimiento en la zona de Ruta 9.<\/p>\n\n\n\n<p>Horario 8 a 12:30 hs<\/p>\n\n\n\n<p>Zona comprendida: Ruta 9 desde KM 174 al 175 (aproximadamente) y derivaci\u00f3n y Paraje Espinillo.<\/p>\n","protected":false},"excerpt":{"rendered":"<p>COOPSER informa que&nbsp;el jueves 24&nbsp;de septiembre se cumplir\u00e1 con un corte de energ\u00eda el\u00e9ctrica por tareas de mantenimiento en la zona de Ruta 9. Horario 8 a 12:30 hs Zona comprendida: Ruta 9 desde KM 174 al 175 (aproximadamente) y derivaci\u00f3n y Paraje Espinillo.<\/p>\n","protected":false},"author":4,"featured_media":79058,"comment_status":"open","ping_status":"closed","sticky":false,"template":"","format":"standard","meta":{"om_disable_all_campaigns":false,"_jetpack_memberships_contains_paid_content":false,"footnotes":""},"categories":[101,2],"tags":[197,1046,1797,696,33],"class_list":["post-81317","post","type-post","status-publish","format-standard","has-post-thumbnail","hentry","category-interes-general-locales","category-locales","tag-buenos-aires","tag-coopser","tag-corte-de-energia-programado","tag-interes-general","tag-locales"],"aioseo_notices":[],"gutentor_comment":0,"jetpack_featured_media_url":"https:\/\/eldiariodesanpedro.com.ar\/sitio\/wp-content\/uploads\/2020\/08\/archivo-coopser.jpeg","jetpack_shortlink":"https:\/\/wp.me\/p6RhLt-l9z","jetpack_sharing_enabled":true,"_links":{"self":[{"href":"https:\/\/eldiariodesanpedro.com.ar\/sitio\/wp-json\/wp\/v2\/posts\/81317","targetHints":{"allow":["GET"]}}],"collection":[{"href":"https:\/\/eldiariodesanpedro.com.ar\/sitio\/wp-json\/wp\/v2\/posts"}],"about":[{"href":"https:\/\/eldiariodesanpedro.com.ar\/sitio\/wp-json\/wp\/v2\/types\/post"}],"author":[{"embeddable":true,"href":"https:\/\/eldiariodesanpedro.com.ar\/sitio\/wp-json\/wp\/v2\/users\/4"}],"replies":[{"embeddable":true,"href":"https:\/\/eldiariodesanpedro.com.ar\/sitio\/wp-json\/wp\/v2\/comments?post=81317"}],"version-history":[{"count":1,"href":"https:\/\/eldiariodesanpedro.com.ar\/sitio\/wp-json\/wp\/v2\/posts\/81317\/revisions"}],"predecessor-version":[{"id":81318,"href":"https:\/\/eldiariodesanpedro.com.ar\/sitio\/wp-json\/wp\/v2\/posts\/81317\/revisions\/81318"}],"wp:featuredmedia":[{"embeddable":true,"href":"https:\/\/eldiariodesanpedro.com.ar\/sitio\/wp-json\/wp\/v2\/media\/79058"}],"wp:attachment":[{"href":"https:\/\/eldiariodesanpedro.com.ar\/sitio\/wp-json\/wp\/v2\/media?parent=81317"}],"wp:term":[{"taxonomy":"category","embeddable":true,"href":"https:\/\/eldiariodesanpedro.com.ar\/sitio\/wp-json\/wp\/v2\/categories?post=81317"},{"taxonomy":"post_tag","embeddable":true,"href":"https:\/\/eldiariodesanpedro.com.ar\/sitio\/wp-json\/wp\/v2\/tags?post=81317"}],"curies":[{"name":"wp","href":"https:\/\/api.w.org\/{rel}","templated":true}]}}