{"id":8131,"date":"2016-09-16T20:37:38","date_gmt":"2016-09-16T23:37:38","guid":{"rendered":"https:\/\/eldiariodesanpedro.com.ar\/sitio\/?p=8131"},"modified":"2016-09-16T20:37:38","modified_gmt":"2016-09-16T23:37:38","slug":"realizan-tareas-de-mantenimiento-en-el-museo-paleontologico-de-san-pedro","status":"publish","type":"post","link":"https:\/\/eldiariodesanpedro.com.ar\/sitio\/realizan-tareas-de-mantenimiento-en-el-museo-paleontologico-de-san-pedro\/","title":{"rendered":"Realizan tareas de mantenimiento en el Museo Paleontol\u00f3gico de San Pedro"},"content":{"rendered":"<p><!-- VideographyWP Plugin Message: Automatic video embedding prevented by plugin options. --><br \/>\nEl equipo del Museo Paleontol\u00f3gico comenz\u00f3 las tareas de restauraci\u00f3n de toda la galer\u00eda del patio interno de la instituci\u00f3n, que, al igual que el resto del caser\u00f3n, ya ten\u00eda 121 a\u00f1os de existencia y el desgaste era muy importante.<br \/>\nIntegrantes del Grupo Conservacionista se encuentran cambiando toda la cubierta de chapas y estructura de maderas que conforman la galer\u00eda que, luego de las tareas, volver\u00e1 a quedar en perfectas condiciones .<br \/>\nA pulm\u00f3n y en los ratos libres que les dejan sus respectivas ocupaciones, el equipo del Museo se encuentra inmerso en una refacci\u00f3n general del jard\u00edn interno del lugar para logar una mejor presentaci\u00f3n del sector que despide a los visitantes y grupos escolares luego de su recorrida.<br \/>\n\u201cDesde la instituci\u00f3n se solicitan las disculpas del caso por los inconvenientes normales que puedan generar las tareas\u201d, aseveraron en el comunicado. <\/p>\n","protected":false},"excerpt":{"rendered":"<p>El equipo del Museo Paleontol\u00f3gico comenz\u00f3 las tareas de restauraci\u00f3n de toda la galer\u00eda del patio interno de la instituci\u00f3n, que, al igual que el resto del caser\u00f3n, ya ten\u00eda 121 a\u00f1os de existencia y el desgaste era muy importante. Integrantes del Grupo Conservacionista se encuentran cambiando toda la cubierta de chapas y estructura de [&hellip;]<\/p>\n","protected":false},"author":4,"featured_media":8132,"comment_status":"open","ping_status":"closed","sticky":false,"template":"","format":"standard","meta":{"om_disable_all_campaigns":false,"_jetpack_memberships_contains_paid_content":false,"footnotes":""},"categories":[101,2],"tags":[],"class_list":["post-8131","post","type-post","status-publish","format-standard","has-post-thumbnail","hentry","category-interes-general-locales","category-locales"],"aioseo_notices":[],"gutentor_comment":0,"jetpack_featured_media_url":"https:\/\/eldiariodesanpedro.com.ar\/sitio\/wp-content\/uploads\/2016\/09\/PAGINA-6-11.jpg","jetpack_shortlink":"https:\/\/wp.me\/p6RhLt-279","jetpack_sharing_enabled":true,"_links":{"self":[{"href":"https:\/\/eldiariodesanpedro.com.ar\/sitio\/wp-json\/wp\/v2\/posts\/8131","targetHints":{"allow":["GET"]}}],"collection":[{"href":"https:\/\/eldiariodesanpedro.com.ar\/sitio\/wp-json\/wp\/v2\/posts"}],"about":[{"href":"https:\/\/eldiariodesanpedro.com.ar\/sitio\/wp-json\/wp\/v2\/types\/post"}],"author":[{"embeddable":true,"href":"https:\/\/eldiariodesanpedro.com.ar\/sitio\/wp-json\/wp\/v2\/users\/4"}],"replies":[{"embeddable":true,"href":"https:\/\/eldiariodesanpedro.com.ar\/sitio\/wp-json\/wp\/v2\/comments?post=8131"}],"version-history":[{"count":1,"href":"https:\/\/eldiariodesanpedro.com.ar\/sitio\/wp-json\/wp\/v2\/posts\/8131\/revisions"}],"predecessor-version":[{"id":8133,"href":"https:\/\/eldiariodesanpedro.com.ar\/sitio\/wp-json\/wp\/v2\/posts\/8131\/revisions\/8133"}],"wp:featuredmedia":[{"embeddable":true,"href":"https:\/\/eldiariodesanpedro.com.ar\/sitio\/wp-json\/wp\/v2\/media\/8132"}],"wp:attachment":[{"href":"https:\/\/eldiariodesanpedro.com.ar\/sitio\/wp-json\/wp\/v2\/media?parent=8131"}],"wp:term":[{"taxonomy":"category","embeddable":true,"href":"https:\/\/eldiariodesanpedro.com.ar\/sitio\/wp-json\/wp\/v2\/categories?post=8131"},{"taxonomy":"post_tag","embeddable":true,"href":"https:\/\/eldiariodesanpedro.com.ar\/sitio\/wp-json\/wp\/v2\/tags?post=8131"}],"curies":[{"name":"wp","href":"https:\/\/api.w.org\/{rel}","templated":true}]}}