{"id":8128,"date":"2016-09-15T19:49:27","date_gmt":"2016-09-15T22:49:27","guid":{"rendered":"https:\/\/eldiariodesanpedro.com.ar\/sitio\/?p=8128"},"modified":"2016-09-15T19:49:27","modified_gmt":"2016-09-15T22:49:27","slug":"allanamiento-la-policia-secuestro-una-escopeta-marihuana-y-un-auto-robado","status":"publish","type":"post","link":"https:\/\/eldiariodesanpedro.com.ar\/sitio\/allanamiento-la-policia-secuestro-una-escopeta-marihuana-y-un-auto-robado\/","title":{"rendered":"Allanamiento: La polic\u00eda secuestr\u00f3 una escopeta, marihuana y un auto robado"},"content":{"rendered":"<p><!-- VideographyWP Plugin Message: Automatic video embedding prevented by plugin options. --><br \/>\nPersonal de la comisar\u00eda local juntamente con la DDI San Pedro-Baradero, dando cumplimiento a diligencia de allanamiento y registro ordenada por el Juzgado de Garant\u00edas N\u00ba 2 San Nicol\u00e1s, allan\u00f3 una vivienda localizada en calle 35 bis N\u00ba 798.<br \/>\nAll\u00ed se secuestr\u00f3 una escopeta de un ca\u00f1o, dos macetas con plantas de marihuana y un autom\u00f3vil Volkswagen Passat, el que presentaba pedido de secuestro activo del a\u00f1o 2014 solicitado por la UFI N\u00ba 5 del Departamento Judicial de Lomas de Zamora.<br \/>\nEn tanto, fue aprehendido una persona que se hallaba en el domicilio junto a los elementos incautados.<\/p>\n","protected":false},"excerpt":{"rendered":"<p>Personal de la comisar\u00eda local juntamente con la DDI San Pedro-Baradero, dando cumplimiento a diligencia de allanamiento y registro ordenada por el Juzgado de Garant\u00edas N\u00ba 2 San Nicol\u00e1s, allan\u00f3 una vivienda localizada en calle 35 bis N\u00ba 798. All\u00ed se secuestr\u00f3 una escopeta de un ca\u00f1o, dos macetas con plantas de marihuana y un [&hellip;]<\/p>\n","protected":false},"author":4,"featured_media":8129,"comment_status":"open","ping_status":"closed","sticky":false,"template":"","format":"standard","meta":{"om_disable_all_campaigns":false,"_jetpack_memberships_contains_paid_content":false,"footnotes":""},"categories":[2,103],"tags":[],"class_list":["post-8128","post","type-post","status-publish","format-standard","has-post-thumbnail","hentry","category-locales","category-policiales-locales"],"aioseo_notices":[],"gutentor_comment":0,"jetpack_featured_media_url":"https:\/\/eldiariodesanpedro.com.ar\/sitio\/wp-content\/uploads\/2016\/09\/allanamientos-01.jpg","jetpack_shortlink":"https:\/\/wp.me\/p6RhLt-276","jetpack_sharing_enabled":true,"_links":{"self":[{"href":"https:\/\/eldiariodesanpedro.com.ar\/sitio\/wp-json\/wp\/v2\/posts\/8128","targetHints":{"allow":["GET"]}}],"collection":[{"href":"https:\/\/eldiariodesanpedro.com.ar\/sitio\/wp-json\/wp\/v2\/posts"}],"about":[{"href":"https:\/\/eldiariodesanpedro.com.ar\/sitio\/wp-json\/wp\/v2\/types\/post"}],"author":[{"embeddable":true,"href":"https:\/\/eldiariodesanpedro.com.ar\/sitio\/wp-json\/wp\/v2\/users\/4"}],"replies":[{"embeddable":true,"href":"https:\/\/eldiariodesanpedro.com.ar\/sitio\/wp-json\/wp\/v2\/comments?post=8128"}],"version-history":[{"count":1,"href":"https:\/\/eldiariodesanpedro.com.ar\/sitio\/wp-json\/wp\/v2\/posts\/8128\/revisions"}],"predecessor-version":[{"id":8130,"href":"https:\/\/eldiariodesanpedro.com.ar\/sitio\/wp-json\/wp\/v2\/posts\/8128\/revisions\/8130"}],"wp:featuredmedia":[{"embeddable":true,"href":"https:\/\/eldiariodesanpedro.com.ar\/sitio\/wp-json\/wp\/v2\/media\/8129"}],"wp:attachment":[{"href":"https:\/\/eldiariodesanpedro.com.ar\/sitio\/wp-json\/wp\/v2\/media?parent=8128"}],"wp:term":[{"taxonomy":"category","embeddable":true,"href":"https:\/\/eldiariodesanpedro.com.ar\/sitio\/wp-json\/wp\/v2\/categories?post=8128"},{"taxonomy":"post_tag","embeddable":true,"href":"https:\/\/eldiariodesanpedro.com.ar\/sitio\/wp-json\/wp\/v2\/tags?post=8128"}],"curies":[{"name":"wp","href":"https:\/\/api.w.org\/{rel}","templated":true}]}}