{"id":8124,"date":"2016-09-15T19:43:20","date_gmt":"2016-09-15T22:43:20","guid":{"rendered":"https:\/\/eldiariodesanpedro.com.ar\/sitio\/?p=8124"},"modified":"2016-09-15T19:43:20","modified_gmt":"2016-09-15T22:43:20","slug":"realizan-en-santa-lucia-operativos-de-saturacion-para-combatir-los-delitos","status":"publish","type":"post","link":"https:\/\/eldiariodesanpedro.com.ar\/sitio\/realizan-en-santa-lucia-operativos-de-saturacion-para-combatir-los-delitos\/","title":{"rendered":"Realizan en Santa Luc\u00eda \u201coperativos de saturaci\u00f3n\u201d para combatir los delitos"},"content":{"rendered":"<p><!-- VideographyWP Plugin Message: Automatic video embedding prevented by plugin options. --><br \/>\nA ra\u00edz del robo ocurrido el martes por la noche a Ricardo Barboza en la localidad, la Jefatura Departamental a cargo del comisario inspector Dante Polini ha dispuesto que se lleve a cabo durante varios d\u00edas el operativo con el objetivo de desactivar los hechos de inseguridad que se vienen repitiendo en los \u00faltimos tiempos y que son de gran preocupaci\u00f3n de los vecinos.<br \/>\nSe controlar\u00e1n las entradas y salidas a Santa Luc\u00eda, se identificar\u00e1 a personas y veh\u00edculos con el objetivo de dar con los posibles responsables de los il\u00edcitos que se repiten a menudo, ya sean delincuentes de la zona o que arriban de otras ciudades.<br \/>\nEn ese sentido, llegar\u00e1n a la ciudad efectivos policiales pertenecientes al Grupo de Apoyo Departamental, que contar\u00e1n con el apoyo de efectivos locales para llevar a cabo las tareas.<\/p>\n","protected":false},"excerpt":{"rendered":"<p>A ra\u00edz del robo ocurrido el martes por la noche a Ricardo Barboza en la localidad, la Jefatura Departamental a cargo del comisario inspector Dante Polini ha dispuesto que se lleve a cabo durante varios d\u00edas el operativo con el objetivo de desactivar los hechos de inseguridad que se vienen repitiendo en los \u00faltimos tiempos [&hellip;]<\/p>\n","protected":false},"author":4,"featured_media":5313,"comment_status":"open","ping_status":"closed","sticky":false,"template":"","format":"standard","meta":{"om_disable_all_campaigns":false,"_jetpack_memberships_contains_paid_content":false,"footnotes":""},"categories":[2,103],"tags":[],"class_list":["post-8124","post","type-post","status-publish","format-standard","has-post-thumbnail","hentry","category-locales","category-policiales-locales"],"aioseo_notices":[],"gutentor_comment":0,"jetpack_featured_media_url":"https:\/\/eldiariodesanpedro.com.ar\/sitio\/wp-content\/uploads\/2016\/06\/patrulla-rural.jpg","jetpack_shortlink":"https:\/\/wp.me\/p6RhLt-272","jetpack_sharing_enabled":true,"_links":{"self":[{"href":"https:\/\/eldiariodesanpedro.com.ar\/sitio\/wp-json\/wp\/v2\/posts\/8124","targetHints":{"allow":["GET"]}}],"collection":[{"href":"https:\/\/eldiariodesanpedro.com.ar\/sitio\/wp-json\/wp\/v2\/posts"}],"about":[{"href":"https:\/\/eldiariodesanpedro.com.ar\/sitio\/wp-json\/wp\/v2\/types\/post"}],"author":[{"embeddable":true,"href":"https:\/\/eldiariodesanpedro.com.ar\/sitio\/wp-json\/wp\/v2\/users\/4"}],"replies":[{"embeddable":true,"href":"https:\/\/eldiariodesanpedro.com.ar\/sitio\/wp-json\/wp\/v2\/comments?post=8124"}],"version-history":[{"count":1,"href":"https:\/\/eldiariodesanpedro.com.ar\/sitio\/wp-json\/wp\/v2\/posts\/8124\/revisions"}],"predecessor-version":[{"id":8125,"href":"https:\/\/eldiariodesanpedro.com.ar\/sitio\/wp-json\/wp\/v2\/posts\/8124\/revisions\/8125"}],"wp:featuredmedia":[{"embeddable":true,"href":"https:\/\/eldiariodesanpedro.com.ar\/sitio\/wp-json\/wp\/v2\/media\/5313"}],"wp:attachment":[{"href":"https:\/\/eldiariodesanpedro.com.ar\/sitio\/wp-json\/wp\/v2\/media?parent=8124"}],"wp:term":[{"taxonomy":"category","embeddable":true,"href":"https:\/\/eldiariodesanpedro.com.ar\/sitio\/wp-json\/wp\/v2\/categories?post=8124"},{"taxonomy":"post_tag","embeddable":true,"href":"https:\/\/eldiariodesanpedro.com.ar\/sitio\/wp-json\/wp\/v2\/tags?post=8124"}],"curies":[{"name":"wp","href":"https:\/\/api.w.org\/{rel}","templated":true}]}}