{"id":81210,"date":"2020-09-18T17:41:24","date_gmt":"2020-09-18T20:41:24","guid":{"rendered":"https:\/\/eldiariodesanpedro.com.ar\/sitio\/?p=81210"},"modified":"2020-09-18T17:41:28","modified_gmt":"2020-09-18T20:41:28","slug":"edicto-de-sepulcro-c-b-ernesto-lujan-iparraguire","status":"publish","type":"post","link":"https:\/\/eldiariodesanpedro.com.ar\/sitio\/edicto-de-sepulcro-c-b-ernesto-lujan-iparraguire\/","title":{"rendered":"Edicto de Sepulcro C\/B Ernesto L\u00fajan Iparraguire"},"content":{"rendered":"<!-- VideographyWP Plugin Message: Automatic video embedding prevented by plugin options. -->\n\n<p>La Municipalidad de Baradero, cita y emplaza por treinta (30) d\u00edas\u00a0 a quienes se consideren con derecho sobre el sepulcro B\/nivel ubicado en la Secci\u00f3n 02 &#8211; Lote 92 que fuera arrendado por Ernesto L\u00fajan Iparraguirre\u00a0 el d\u00eda 13 de Abril de 1971 por noventa y nueve a\u00f1os seg\u00fan Libro 11 &#8211; Folio 164 &#8211; Cta 1900006074 del Cementerio Local.- Baradero, 18 de Setiembre de 2020.-<\/p>\n\n\n\n<p>MARIANELA\u00a0 DEGLIESE\u00a0<br>ABOGADA ASESOR\u00cdA LETRADA\u00a0<br>MUNICIPALIDAD DE BARADERO<\/p>\n","protected":false},"excerpt":{"rendered":"<p>La Municipalidad de Baradero, cita y emplaza por treinta (30) d\u00edas\u00a0 a quienes se consideren con derecho sobre el sepulcro B\/nivel ubicado en la Secci\u00f3n 02 &#8211; Lote 92 que fuera arrendado por Ernesto L\u00fajan Iparraguirre\u00a0 el d\u00eda 13 de Abril de 1971 por noventa y nueve a\u00f1os seg\u00fan Libro 11 &#8211; Folio 164 &#8211; [&hellip;]<\/p>\n","protected":false},"author":4,"featured_media":81115,"comment_status":"open","ping_status":"closed","sticky":false,"template":"","format":"standard","meta":{"om_disable_all_campaigns":false,"_jetpack_memberships_contains_paid_content":false,"footnotes":""},"categories":[676,677],"tags":[1121,1355,1786],"class_list":["post-81210","post","type-post","status-publish","format-standard","has-post-thumbnail","hentry","category-edictos","category-edictos-sucesorios","tag-edicto","tag-judiciales","tag-sepulcro"],"aioseo_notices":[],"gutentor_comment":0,"jetpack_featured_media_url":"https:\/\/eldiariodesanpedro.com.ar\/sitio\/wp-content\/uploads\/2020\/09\/Poder-Judicial.jpg","jetpack_shortlink":"https:\/\/wp.me\/p6RhLt-l7Q","jetpack_sharing_enabled":true,"_links":{"self":[{"href":"https:\/\/eldiariodesanpedro.com.ar\/sitio\/wp-json\/wp\/v2\/posts\/81210","targetHints":{"allow":["GET"]}}],"collection":[{"href":"https:\/\/eldiariodesanpedro.com.ar\/sitio\/wp-json\/wp\/v2\/posts"}],"about":[{"href":"https:\/\/eldiariodesanpedro.com.ar\/sitio\/wp-json\/wp\/v2\/types\/post"}],"author":[{"embeddable":true,"href":"https:\/\/eldiariodesanpedro.com.ar\/sitio\/wp-json\/wp\/v2\/users\/4"}],"replies":[{"embeddable":true,"href":"https:\/\/eldiariodesanpedro.com.ar\/sitio\/wp-json\/wp\/v2\/comments?post=81210"}],"version-history":[{"count":1,"href":"https:\/\/eldiariodesanpedro.com.ar\/sitio\/wp-json\/wp\/v2\/posts\/81210\/revisions"}],"predecessor-version":[{"id":81211,"href":"https:\/\/eldiariodesanpedro.com.ar\/sitio\/wp-json\/wp\/v2\/posts\/81210\/revisions\/81211"}],"wp:featuredmedia":[{"embeddable":true,"href":"https:\/\/eldiariodesanpedro.com.ar\/sitio\/wp-json\/wp\/v2\/media\/81115"}],"wp:attachment":[{"href":"https:\/\/eldiariodesanpedro.com.ar\/sitio\/wp-json\/wp\/v2\/media?parent=81210"}],"wp:term":[{"taxonomy":"category","embeddable":true,"href":"https:\/\/eldiariodesanpedro.com.ar\/sitio\/wp-json\/wp\/v2\/categories?post=81210"},{"taxonomy":"post_tag","embeddable":true,"href":"https:\/\/eldiariodesanpedro.com.ar\/sitio\/wp-json\/wp\/v2\/tags?post=81210"}],"curies":[{"name":"wp","href":"https:\/\/api.w.org\/{rel}","templated":true}]}}