{"id":8121,"date":"2016-09-15T19:37:46","date_gmt":"2016-09-15T22:37:46","guid":{"rendered":"https:\/\/eldiariodesanpedro.com.ar\/sitio\/?p=8121"},"modified":"2016-09-15T19:37:46","modified_gmt":"2016-09-15T22:37:46","slug":"una-motociclista-accidentada-en-h-pueyrredon-y-salta","status":"publish","type":"post","link":"https:\/\/eldiariodesanpedro.com.ar\/sitio\/una-motociclista-accidentada-en-h-pueyrredon-y-salta\/","title":{"rendered":"Una motociclista accidentada en H. Pueyrred\u00f3n y Salta"},"content":{"rendered":"<p><!-- VideographyWP Plugin Message: Automatic video embedding prevented by plugin options. --><br \/>\nEl siniestro tuvo lugar en H. Pueyrred\u00f3n entre Salta y Pellegrini. En ese lugar, un auto que sal\u00eda de un taller y una moto que transitaba por all\u00ed protagonizaron el incidente de tr\u00e1nsito.<br \/>\nComo consecuencia de ello, la mujer que manejaba el rodado menor fue derivada, por el Servicio de Emergencias 107, a la guardia del Hospital por los golpes que sufri\u00f3 en la ca\u00edda al pavimento.<\/p>\n","protected":false},"excerpt":{"rendered":"<p>El siniestro tuvo lugar en H. Pueyrred\u00f3n entre Salta y Pellegrini. En ese lugar, un auto que sal\u00eda de un taller y una moto que transitaba por all\u00ed protagonizaron el incidente de tr\u00e1nsito. Como consecuencia de ello, la mujer que manejaba el rodado menor fue derivada, por el Servicio de Emergencias 107, a la guardia [&hellip;]<\/p>\n","protected":false},"author":4,"featured_media":8122,"comment_status":"open","ping_status":"closed","sticky":false,"template":"","format":"standard","meta":{"om_disable_all_campaigns":false,"_jetpack_memberships_contains_paid_content":false,"footnotes":""},"categories":[50,101,2],"tags":[],"class_list":["post-8121","post","type-post","status-publish","format-standard","has-post-thumbnail","hentry","category-destacadas","category-interes-general-locales","category-locales"],"aioseo_notices":[],"gutentor_comment":0,"jetpack_featured_media_url":"https:\/\/eldiariodesanpedro.com.ar\/sitio\/wp-content\/uploads\/2016\/09\/PAGINA-3-8.jpg","jetpack_shortlink":"https:\/\/wp.me\/p6RhLt-26Z","jetpack_sharing_enabled":true,"_links":{"self":[{"href":"https:\/\/eldiariodesanpedro.com.ar\/sitio\/wp-json\/wp\/v2\/posts\/8121","targetHints":{"allow":["GET"]}}],"collection":[{"href":"https:\/\/eldiariodesanpedro.com.ar\/sitio\/wp-json\/wp\/v2\/posts"}],"about":[{"href":"https:\/\/eldiariodesanpedro.com.ar\/sitio\/wp-json\/wp\/v2\/types\/post"}],"author":[{"embeddable":true,"href":"https:\/\/eldiariodesanpedro.com.ar\/sitio\/wp-json\/wp\/v2\/users\/4"}],"replies":[{"embeddable":true,"href":"https:\/\/eldiariodesanpedro.com.ar\/sitio\/wp-json\/wp\/v2\/comments?post=8121"}],"version-history":[{"count":1,"href":"https:\/\/eldiariodesanpedro.com.ar\/sitio\/wp-json\/wp\/v2\/posts\/8121\/revisions"}],"predecessor-version":[{"id":8123,"href":"https:\/\/eldiariodesanpedro.com.ar\/sitio\/wp-json\/wp\/v2\/posts\/8121\/revisions\/8123"}],"wp:featuredmedia":[{"embeddable":true,"href":"https:\/\/eldiariodesanpedro.com.ar\/sitio\/wp-json\/wp\/v2\/media\/8122"}],"wp:attachment":[{"href":"https:\/\/eldiariodesanpedro.com.ar\/sitio\/wp-json\/wp\/v2\/media?parent=8121"}],"wp:term":[{"taxonomy":"category","embeddable":true,"href":"https:\/\/eldiariodesanpedro.com.ar\/sitio\/wp-json\/wp\/v2\/categories?post=8121"},{"taxonomy":"post_tag","embeddable":true,"href":"https:\/\/eldiariodesanpedro.com.ar\/sitio\/wp-json\/wp\/v2\/tags?post=8121"}],"curies":[{"name":"wp","href":"https:\/\/api.w.org\/{rel}","templated":true}]}}