{"id":81190,"date":"2020-09-18T12:20:35","date_gmt":"2020-09-18T15:20:35","guid":{"rendered":"https:\/\/eldiariodesanpedro.com.ar\/sitio\/?p=81190"},"modified":"2020-09-18T12:20:36","modified_gmt":"2020-09-18T15:20:36","slug":"manifestacion-y-pedido-de-justicia-por-vanesa-frente-a-la-fiscalia","status":"publish","type":"post","link":"https:\/\/eldiariodesanpedro.com.ar\/sitio\/manifestacion-y-pedido-de-justicia-por-vanesa-frente-a-la-fiscalia\/","title":{"rendered":"Manifestaci\u00f3n y pedido de justicia por Vanesa frente a la Fiscal\u00eda"},"content":{"rendered":"<!-- VideographyWP Plugin Message: Automatic video embedding prevented by plugin options. -->\n\n<p>En la ma\u00f1ana de hoy se realizo una marcha y manifestaci\u00f3n hasta la fiscal\u00eda local por pedido de justicia por Vanesa Martinez.<\/p>\n\n\n\n<p>Esta ma\u00f1ana los familiares, amigos y vecinos de la mujer de 35 a\u00f1os asesinada por la espalda el pasado lunes mientras se registraba un enfrentamiento entre dos bandas de delincuentes.<\/p>\n\n\n\n<p>Una gran cantidad de vecino se reunieron en calle Quiroga al 2000 desde donde naci\u00f3 la marcha hasta llegar a concentrarse en la fiscal\u00eda local y luego de que el hermano de Vanesa hablara en la v\u00eda p\u00fablica con la fiscal del caso la Dr. Maria del Valle Viviani a cargo de la UFI 7 volvieron marchando hasta el lugar de origen. <\/p>\n\n\n\n<p>La fiscala dialogo con el hermano de la victima asegur\u00e1ndose y comprometi\u00e9ndose a poder resolver el caso.<\/p>\n\n\n\n<p>Los familiares solicitaron trabajar para liberar el barrio de los constantes conflictos que suceden por parte de este grupo de personas.<\/p>\n\n\n\n<p>Minutos despu\u00e9s de retirarse los manifestantes se presentaron a declarar los \u00faltimos dos detenidos Noe Cabrera y Mat\u00edas Bergara en la defensora del pueblo y ante la Dra. Viviani pero cabe aclarar que ellos est\u00e1n acusados en primera instancia del incendio y el intento de homicidio de uno de los Benvenutos. <\/p>\n\n\n\n<p>Por el asesinato de Vanesa hasta el momento solo se encuentran imputados los hermanos Benvenuto de 25 y 27 a\u00f1os de edad.<\/p>\n\n\n\n<figure class=\"wp-block-image size-large\"><img decoding=\"async\" width=\"1024\" height=\"498\" data-attachment-id=\"81194\" data-permalink=\"https:\/\/eldiariodesanpedro.com.ar\/sitio\/manifestacion-y-pedido-de-justicia-por-vanesa-frente-a-la-fiscalia\/whatsapp-image-2020-09-18-at-11-33-33-6\/\" data-orig-file=\"https:\/\/eldiariodesanpedro.com.ar\/sitio\/wp-content\/uploads\/2020\/09\/WhatsApp-Image-2020-09-18-at-11.33.33-6.jpeg\" data-orig-size=\"1280,622\" data-comments-opened=\"1\" data-image-meta=\"{&quot;aperture&quot;:&quot;0&quot;,&quot;credit&quot;:&quot;&quot;,&quot;camera&quot;:&quot;&quot;,&quot;caption&quot;:&quot;&quot;,&quot;created_timestamp&quot;:&quot;0&quot;,&quot;copyright&quot;:&quot;&quot;,&quot;focal_length&quot;:&quot;0&quot;,&quot;iso&quot;:&quot;0&quot;,&quot;shutter_speed&quot;:&quot;0&quot;,&quot;title&quot;:&quot;&quot;,&quot;orientation&quot;:&quot;0&quot;}\" data-image-title=\"WhatsApp Image 2020-09-18 at 11.33.33 (6)\" data-image-description=\"\" data-image-caption=\"\" data-large-file=\"https:\/\/eldiariodesanpedro.com.ar\/sitio\/wp-content\/uploads\/2020\/09\/WhatsApp-Image-2020-09-18-at-11.33.33-6-1024x498.jpeg\" data-src=\"https:\/\/eldiariodesanpedro.com.ar\/sitio\/wp-content\/uploads\/2020\/09\/WhatsApp-Image-2020-09-18-at-11.33.33-6-1024x498.jpeg\" alt=\"\" class=\"wp-image-81194 lazyload\" data-srcset=\"https:\/\/eldiariodesanpedro.com.ar\/sitio\/wp-content\/uploads\/2020\/09\/WhatsApp-Image-2020-09-18-at-11.33.33-6-1024x498.jpeg 1024w, https:\/\/eldiariodesanpedro.com.ar\/sitio\/wp-content\/uploads\/2020\/09\/WhatsApp-Image-2020-09-18-at-11.33.33-6-300x146.jpeg 300w, https:\/\/eldiariodesanpedro.com.ar\/sitio\/wp-content\/uploads\/2020\/09\/WhatsApp-Image-2020-09-18-at-11.33.33-6-768x373.jpeg 768w, https:\/\/eldiariodesanpedro.com.ar\/sitio\/wp-content\/uploads\/2020\/09\/WhatsApp-Image-2020-09-18-at-11.33.33-6.jpeg 1280w\" data-sizes=\"(max-width: 1024px) 100vw, 1024px\" src=\"data:image\/svg+xml;base64,PHN2ZyB3aWR0aD0iMSIgaGVpZ2h0PSIxIiB4bWxucz0iaHR0cDovL3d3dy53My5vcmcvMjAwMC9zdmciPjwvc3ZnPg==\" style=\"--smush-placeholder-width: 1024px; --smush-placeholder-aspect-ratio: 1024\/498;\" \/><\/figure>\n\n\n\n<figure class=\"wp-block-embed-facebook wp-block-embed is-type-rich is-provider-facebook\"><div class=\"wp-block-embed__wrapper\">\n<div class=\"fb-post\" data-href=\"https:\/\/www.facebook.com\/eldiario.desanpedro\/posts\/1381401085402360\" data-width=\"552\" style=\"background-color: #fff; display: inline-block;\"><\/div>\n<\/div><\/figure>\n\n\n\n<p> <\/p>\n","protected":false},"excerpt":{"rendered":"<p>En la ma\u00f1ana de hoy se realizo una marcha y manifestaci\u00f3n hasta la fiscal\u00eda local por pedido de justicia por Vanesa Martinez. Esta ma\u00f1ana los familiares, amigos y vecinos de la mujer de 35 a\u00f1os asesinada por la espalda el pasado lunes mientras se registraba un enfrentamiento entre dos bandas de delincuentes. Una gran cantidad [&hellip;]<\/p>\n","protected":false},"author":4,"featured_media":81192,"comment_status":"open","ping_status":"closed","sticky":false,"template":"","format":"standard","meta":{"om_disable_all_campaigns":false,"_jetpack_memberships_contains_paid_content":false,"footnotes":""},"categories":[50,101,2],"tags":[197,696,33],"class_list":["post-81190","post","type-post","status-publish","format-standard","has-post-thumbnail","hentry","category-destacadas","category-interes-general-locales","category-locales","tag-buenos-aires","tag-interes-general","tag-locales"],"aioseo_notices":[],"gutentor_comment":0,"jetpack_featured_media_url":"https:\/\/eldiariodesanpedro.com.ar\/sitio\/wp-content\/uploads\/2020\/09\/WhatsApp-Image-2020-09-18-at-11.33.33-3.jpeg","jetpack_shortlink":"https:\/\/wp.me\/p6RhLt-l7w","jetpack_sharing_enabled":true,"_links":{"self":[{"href":"https:\/\/eldiariodesanpedro.com.ar\/sitio\/wp-json\/wp\/v2\/posts\/81190","targetHints":{"allow":["GET"]}}],"collection":[{"href":"https:\/\/eldiariodesanpedro.com.ar\/sitio\/wp-json\/wp\/v2\/posts"}],"about":[{"href":"https:\/\/eldiariodesanpedro.com.ar\/sitio\/wp-json\/wp\/v2\/types\/post"}],"author":[{"embeddable":true,"href":"https:\/\/eldiariodesanpedro.com.ar\/sitio\/wp-json\/wp\/v2\/users\/4"}],"replies":[{"embeddable":true,"href":"https:\/\/eldiariodesanpedro.com.ar\/sitio\/wp-json\/wp\/v2\/comments?post=81190"}],"version-history":[{"count":1,"href":"https:\/\/eldiariodesanpedro.com.ar\/sitio\/wp-json\/wp\/v2\/posts\/81190\/revisions"}],"predecessor-version":[{"id":81196,"href":"https:\/\/eldiariodesanpedro.com.ar\/sitio\/wp-json\/wp\/v2\/posts\/81190\/revisions\/81196"}],"wp:featuredmedia":[{"embeddable":true,"href":"https:\/\/eldiariodesanpedro.com.ar\/sitio\/wp-json\/wp\/v2\/media\/81192"}],"wp:attachment":[{"href":"https:\/\/eldiariodesanpedro.com.ar\/sitio\/wp-json\/wp\/v2\/media?parent=81190"}],"wp:term":[{"taxonomy":"category","embeddable":true,"href":"https:\/\/eldiariodesanpedro.com.ar\/sitio\/wp-json\/wp\/v2\/categories?post=81190"},{"taxonomy":"post_tag","embeddable":true,"href":"https:\/\/eldiariodesanpedro.com.ar\/sitio\/wp-json\/wp\/v2\/tags?post=81190"}],"curies":[{"name":"wp","href":"https:\/\/api.w.org\/{rel}","templated":true}]}}