{"id":81188,"date":"2020-09-18T10:44:33","date_gmt":"2020-09-18T13:44:33","guid":{"rendered":"https:\/\/eldiariodesanpedro.com.ar\/sitio\/?p=81188"},"modified":"2020-09-18T10:44:36","modified_gmt":"2020-09-18T13:44:36","slug":"accidente-de-transito-entre-una-motocicleta-y-un-automovil-6","status":"publish","type":"post","link":"https:\/\/eldiariodesanpedro.com.ar\/sitio\/accidente-de-transito-entre-una-motocicleta-y-un-automovil-6\/","title":{"rendered":"Accidente de transito entre una motocicleta y un autom\u00f3vil"},"content":{"rendered":"<!-- VideographyWP Plugin Message: Automatic video embedding prevented by plugin options. -->\n\n<p>Este jueves por razones que se tratan de establecer se produjo un siniestro vial donde una persona result\u00f3 herida.<\/p>\n\n\n\n<p>En la tarde de este jueves en calle Obligado y Padre Santana un autom\u00f3vil conducido por un ciudadano de 49 a\u00f1os de edad colision\u00f3 con una motocicleta 110 cc conducida por un hombre de 45 a\u00f1os.<\/p>\n\n\n\n<p>Como consecuencia&nbsp; el conductor de la motocicleta fue trasladado al nosocomio local por ambulancia SAME presentando lesiones leves y excoriaci\u00f3n en rostro, restantes intervinientes sin lesiones.-&nbsp;<\/p>\n\n\n\n<p>Intervenci\u00f3n UFI N\u00b0 07 San Pedro, Polic\u00eda cient\u00edfica realiz\u00f3 diligencias respectivas .<\/p>\n","protected":false},"excerpt":{"rendered":"<p>Este jueves por razones que se tratan de establecer se produjo un siniestro vial donde una persona result\u00f3 herida. En la tarde de este jueves en calle Obligado y Padre Santana un autom\u00f3vil conducido por un ciudadano de 49 a\u00f1os de edad colision\u00f3 con una motocicleta 110 cc conducida por un hombre de 45 a\u00f1os. [&hellip;]<\/p>\n","protected":false},"author":4,"featured_media":79647,"comment_status":"open","ping_status":"closed","sticky":false,"template":"","format":"standard","meta":{"om_disable_all_campaigns":false,"_jetpack_memberships_contains_paid_content":false,"footnotes":""},"categories":[2,103],"tags":[],"class_list":["post-81188","post","type-post","status-publish","format-standard","has-post-thumbnail","hentry","category-locales","category-policiales-locales"],"aioseo_notices":[],"gutentor_comment":0,"jetpack_featured_media_url":"https:\/\/eldiariodesanpedro.com.ar\/sitio\/wp-content\/uploads\/2020\/08\/same.jpg","jetpack_shortlink":"https:\/\/wp.me\/p6RhLt-l7u","jetpack_sharing_enabled":true,"_links":{"self":[{"href":"https:\/\/eldiariodesanpedro.com.ar\/sitio\/wp-json\/wp\/v2\/posts\/81188","targetHints":{"allow":["GET"]}}],"collection":[{"href":"https:\/\/eldiariodesanpedro.com.ar\/sitio\/wp-json\/wp\/v2\/posts"}],"about":[{"href":"https:\/\/eldiariodesanpedro.com.ar\/sitio\/wp-json\/wp\/v2\/types\/post"}],"author":[{"embeddable":true,"href":"https:\/\/eldiariodesanpedro.com.ar\/sitio\/wp-json\/wp\/v2\/users\/4"}],"replies":[{"embeddable":true,"href":"https:\/\/eldiariodesanpedro.com.ar\/sitio\/wp-json\/wp\/v2\/comments?post=81188"}],"version-history":[{"count":1,"href":"https:\/\/eldiariodesanpedro.com.ar\/sitio\/wp-json\/wp\/v2\/posts\/81188\/revisions"}],"predecessor-version":[{"id":81189,"href":"https:\/\/eldiariodesanpedro.com.ar\/sitio\/wp-json\/wp\/v2\/posts\/81188\/revisions\/81189"}],"wp:featuredmedia":[{"embeddable":true,"href":"https:\/\/eldiariodesanpedro.com.ar\/sitio\/wp-json\/wp\/v2\/media\/79647"}],"wp:attachment":[{"href":"https:\/\/eldiariodesanpedro.com.ar\/sitio\/wp-json\/wp\/v2\/media?parent=81188"}],"wp:term":[{"taxonomy":"category","embeddable":true,"href":"https:\/\/eldiariodesanpedro.com.ar\/sitio\/wp-json\/wp\/v2\/categories?post=81188"},{"taxonomy":"post_tag","embeddable":true,"href":"https:\/\/eldiariodesanpedro.com.ar\/sitio\/wp-json\/wp\/v2\/tags?post=81188"}],"curies":[{"name":"wp","href":"https:\/\/api.w.org\/{rel}","templated":true}]}}