{"id":81182,"date":"2020-09-18T10:24:36","date_gmt":"2020-09-18T13:24:36","guid":{"rendered":"https:\/\/eldiariodesanpedro.com.ar\/sitio\/?p=81182"},"modified":"2020-09-18T10:24:40","modified_gmt":"2020-09-18T13:24:40","slug":"allanamiento-por-robo-en-un-comercio-en-calle-sarmiento","status":"publish","type":"post","link":"https:\/\/eldiariodesanpedro.com.ar\/sitio\/allanamiento-por-robo-en-un-comercio-en-calle-sarmiento\/","title":{"rendered":"Allanamiento por robo en un comercio en calle Sarmiento"},"content":{"rendered":"<!-- VideographyWP Plugin Message: Automatic video embedding prevented by plugin options. -->\n\n<p>En la jornada de ayer la polic\u00eda de nuestra ciudad, m\u00e1s precisamente el Personal Gabinete Criminol\u00f3gico de la comisar\u00eda tras averiguaciones, an\u00e1lisis de c\u00e1maras y testimoniales logr\u00f3 establecer la autor\u00eda de un robo por parte de un joven de 21 a\u00f1os de edad.<\/p>\n\n\n\n<p>El robo tuvo lugar en un comercio ubicado en calle San Martin y Av. Sarmiento y otros hechos del mismo modus operandi.&nbsp;<\/p>\n\n\n\n<p>El grupo GTO en conjunto con el personal GAD y personal SUBDDI, diligenci\u00f3 el allanamiento en calle Rivadavia 1400,donde arrojando resultado negativo para con secuestro de dinero sustra\u00eddo.&nbsp;<\/p>\n\n\n\n<p>La fiscal\u00eda N\u00ba 7 contin\u00faa con la investigaci\u00f3n del caso.<\/p>\n","protected":false},"excerpt":{"rendered":"<p>En la jornada de ayer la polic\u00eda de nuestra ciudad, m\u00e1s precisamente el Personal Gabinete Criminol\u00f3gico de la comisar\u00eda tras averiguaciones, an\u00e1lisis de c\u00e1maras y testimoniales logr\u00f3 establecer la autor\u00eda de un robo por parte de un joven de 21 a\u00f1os de edad. El robo tuvo lugar en un comercio ubicado en calle San Martin [&hellip;]<\/p>\n","protected":false},"author":4,"featured_media":80545,"comment_status":"open","ping_status":"closed","sticky":false,"template":"","format":"standard","meta":{"om_disable_all_campaigns":false,"_jetpack_memberships_contains_paid_content":false,"footnotes":""},"categories":[2,103],"tags":[197,33,95],"class_list":["post-81182","post","type-post","status-publish","format-standard","has-post-thumbnail","hentry","category-locales","category-policiales-locales","tag-buenos-aires","tag-locales","tag-policiales"],"aioseo_notices":[],"gutentor_comment":0,"jetpack_featured_media_url":"https:\/\/eldiariodesanpedro.com.ar\/sitio\/wp-content\/uploads\/2020\/09\/polic\u00eda.jpg","jetpack_shortlink":"https:\/\/wp.me\/p6RhLt-l7o","jetpack_sharing_enabled":true,"_links":{"self":[{"href":"https:\/\/eldiariodesanpedro.com.ar\/sitio\/wp-json\/wp\/v2\/posts\/81182","targetHints":{"allow":["GET"]}}],"collection":[{"href":"https:\/\/eldiariodesanpedro.com.ar\/sitio\/wp-json\/wp\/v2\/posts"}],"about":[{"href":"https:\/\/eldiariodesanpedro.com.ar\/sitio\/wp-json\/wp\/v2\/types\/post"}],"author":[{"embeddable":true,"href":"https:\/\/eldiariodesanpedro.com.ar\/sitio\/wp-json\/wp\/v2\/users\/4"}],"replies":[{"embeddable":true,"href":"https:\/\/eldiariodesanpedro.com.ar\/sitio\/wp-json\/wp\/v2\/comments?post=81182"}],"version-history":[{"count":1,"href":"https:\/\/eldiariodesanpedro.com.ar\/sitio\/wp-json\/wp\/v2\/posts\/81182\/revisions"}],"predecessor-version":[{"id":81183,"href":"https:\/\/eldiariodesanpedro.com.ar\/sitio\/wp-json\/wp\/v2\/posts\/81182\/revisions\/81183"}],"wp:featuredmedia":[{"embeddable":true,"href":"https:\/\/eldiariodesanpedro.com.ar\/sitio\/wp-json\/wp\/v2\/media\/80545"}],"wp:attachment":[{"href":"https:\/\/eldiariodesanpedro.com.ar\/sitio\/wp-json\/wp\/v2\/media?parent=81182"}],"wp:term":[{"taxonomy":"category","embeddable":true,"href":"https:\/\/eldiariodesanpedro.com.ar\/sitio\/wp-json\/wp\/v2\/categories?post=81182"},{"taxonomy":"post_tag","embeddable":true,"href":"https:\/\/eldiariodesanpedro.com.ar\/sitio\/wp-json\/wp\/v2\/tags?post=81182"}],"curies":[{"name":"wp","href":"https:\/\/api.w.org\/{rel}","templated":true}]}}