{"id":8118,"date":"2016-09-15T19:30:47","date_gmt":"2016-09-15T22:30:47","guid":{"rendered":"https:\/\/eldiariodesanpedro.com.ar\/sitio\/?p=8118"},"modified":"2016-09-15T19:30:47","modified_gmt":"2016-09-15T22:30:47","slug":"monica-cahen-danvers-estamos-viviendo-un-muy-mal-momento-del-periodismo","status":"publish","type":"post","link":"https:\/\/eldiariodesanpedro.com.ar\/sitio\/monica-cahen-danvers-estamos-viviendo-un-muy-mal-momento-del-periodismo\/","title":{"rendered":"M\u00f3nica Cahen D\u2019Anvers: \u201cEstamos viviendo un muy mal momento del periodismo\u201d"},"content":{"rendered":"<p><!-- VideographyWP Plugin Message: Automatic video embedding prevented by plugin options. --><br \/>\nLa conductora M\u00f3nica Cahen D\u2019Anvers consider\u00f3 que \u201cser partidista y ver a V\u00edctor Hugo de un lado a Jorge Lanata del otro, no es periodismo\u201d y consider\u00f3 que la profesi\u00f3n \u201cno es ser ninguna de esas cosas\u201d, sino que hay que \u201cpensar en la gente y decirle lo que pasa\u201d.<br \/>\n\u201cEstamos viviendo un muy mal momento del periodismo\u201d, sostuvo Cahen D\u2019Anvers en di\u00e1logo con El Cronista y se\u00f1al\u00f3 que \u201chay que contar lo que pasa\u201d o \u201cpor lo menos lo que uno cree que pasa, y no para quedar bien con A o con Z\u201d, ya que eso \u201cpasa mucho hoy\u201d.<br \/>\nLa periodista, que debut\u00f3 en Telenoche en 1966 y mantuvo ese puesto por casi una d\u00e9cada, asegur\u00f3 que los noticieros de la actualidad \u201cno dicen ni \u2018mu\u2019, no informan\u201d y sentenci\u00f3 que \u201clos otros programas est\u00e1n enfocados exclusivamente en \u2018la estupidez&#8217;\u201d.<br \/>\n\u201cNosotros (con C\u00e9sar Mascetti) dejamos los medios en diciembre del a\u00f1o pasado. Y por primera vez estamos viviendo en San Pedro. En el medio siglo en el cual nos hemos dedicado a las noticias \u00edbamos los fines de semana. Ahora estamos instalados all\u00e1\u201d, agreg\u00f3.<\/p>\n","protected":false},"excerpt":{"rendered":"<p>La conductora M\u00f3nica Cahen D\u2019Anvers consider\u00f3 que \u201cser partidista y ver a V\u00edctor Hugo de un lado a Jorge Lanata del otro, no es periodismo\u201d y consider\u00f3 que la profesi\u00f3n \u201cno es ser ninguna de esas cosas\u201d, sino que hay que \u201cpensar en la gente y decirle lo que pasa\u201d. \u201cEstamos viviendo un muy mal [&hellip;]<\/p>\n","protected":false},"author":4,"featured_media":8119,"comment_status":"open","ping_status":"closed","sticky":false,"template":"","format":"standard","meta":{"om_disable_all_campaigns":false,"_jetpack_memberships_contains_paid_content":false,"footnotes":""},"categories":[50,101,2],"tags":[],"class_list":["post-8118","post","type-post","status-publish","format-standard","has-post-thumbnail","hentry","category-destacadas","category-interes-general-locales","category-locales"],"aioseo_notices":[],"gutentor_comment":0,"jetpack_featured_media_url":"https:\/\/eldiariodesanpedro.com.ar\/sitio\/wp-content\/uploads\/2016\/09\/f620x0-366977_366995_0.jpg","jetpack_shortlink":"https:\/\/wp.me\/p6RhLt-26W","jetpack_sharing_enabled":true,"_links":{"self":[{"href":"https:\/\/eldiariodesanpedro.com.ar\/sitio\/wp-json\/wp\/v2\/posts\/8118","targetHints":{"allow":["GET"]}}],"collection":[{"href":"https:\/\/eldiariodesanpedro.com.ar\/sitio\/wp-json\/wp\/v2\/posts"}],"about":[{"href":"https:\/\/eldiariodesanpedro.com.ar\/sitio\/wp-json\/wp\/v2\/types\/post"}],"author":[{"embeddable":true,"href":"https:\/\/eldiariodesanpedro.com.ar\/sitio\/wp-json\/wp\/v2\/users\/4"}],"replies":[{"embeddable":true,"href":"https:\/\/eldiariodesanpedro.com.ar\/sitio\/wp-json\/wp\/v2\/comments?post=8118"}],"version-history":[{"count":1,"href":"https:\/\/eldiariodesanpedro.com.ar\/sitio\/wp-json\/wp\/v2\/posts\/8118\/revisions"}],"predecessor-version":[{"id":8120,"href":"https:\/\/eldiariodesanpedro.com.ar\/sitio\/wp-json\/wp\/v2\/posts\/8118\/revisions\/8120"}],"wp:featuredmedia":[{"embeddable":true,"href":"https:\/\/eldiariodesanpedro.com.ar\/sitio\/wp-json\/wp\/v2\/media\/8119"}],"wp:attachment":[{"href":"https:\/\/eldiariodesanpedro.com.ar\/sitio\/wp-json\/wp\/v2\/media?parent=8118"}],"wp:term":[{"taxonomy":"category","embeddable":true,"href":"https:\/\/eldiariodesanpedro.com.ar\/sitio\/wp-json\/wp\/v2\/categories?post=8118"},{"taxonomy":"post_tag","embeddable":true,"href":"https:\/\/eldiariodesanpedro.com.ar\/sitio\/wp-json\/wp\/v2\/tags?post=8118"}],"curies":[{"name":"wp","href":"https:\/\/api.w.org\/{rel}","templated":true}]}}