{"id":81178,"date":"2020-09-18T10:08:18","date_gmt":"2020-09-18T13:08:18","guid":{"rendered":"https:\/\/eldiariodesanpedro.com.ar\/sitio\/?p=81178"},"modified":"2020-09-18T10:08:22","modified_gmt":"2020-09-18T13:08:22","slug":"el-malbran-envio-1000-kits-para-hisopado","status":"publish","type":"post","link":"https:\/\/eldiariodesanpedro.com.ar\/sitio\/el-malbran-envio-1000-kits-para-hisopado\/","title":{"rendered":"El Malbran envi\u00f3 1000 kits para hisopado"},"content":{"rendered":"<!-- VideographyWP Plugin Message: Automatic video embedding prevented by plugin options. -->\n\n<p>La Secretar\u00eda de Salud de la Municipalidad de San Pedro desea compartir con la comunidad sampedrina, un profundo agradecimiento con las autoridades del Instituto Malbran y la Administraci\u00f3n Nacional de Laboratorios que depende del Ministerio de Salud de la Naci\u00f3n, por el importante env\u00edo de kits de testeo con los que se viene dando respuesta a la creciente demanda que presenta nuestro distrito en las \u00faltimas semanas.<\/p>\n\n\n\n<p>En las \u00faltimas horas se han recibido 1.000 nuevas unidades que se suman a otras tantas ya recibidas y que refuerzan la disponibilidad existente y as\u00ed continuar cumpliendo con los hisopados a pacientes sintom\u00e1ticos que se presentan en los Consultorios Amarillos.<\/p>\n\n\n\n<p>Adem\u00e1s, a\u00fan en un momento de crecimiento de los ex\u00e1menes en todo el pa\u00eds, se han logrado acortar los plazos para la recepci\u00f3n de los informes los que posibilidad un trabajo m\u00e1s eficiente en el seguimiento de los casos que se presentan en San Pedro.<\/p>\n\n\n\n<p>El agradecimiento espec\u00edfico est\u00e1 dirigido a la Dra. Claudia Perandones, Directora Cient\u00edfica del Instituto y a todos los que est\u00e1n comprometidos con la Salud P\u00fablica y con este momento in\u00e9dito para nuestro pa\u00eds y el mundo.<\/p>\n\n\n\n<figure class=\"wp-block-image size-large\"><img decoding=\"async\" width=\"1024\" height=\"576\" data-attachment-id=\"81180\" data-permalink=\"https:\/\/eldiariodesanpedro.com.ar\/sitio\/el-malbran-envio-1000-kits-para-hisopado\/whatsapp-image-2020-09-18-at-09-07-22\/\" data-orig-file=\"https:\/\/eldiariodesanpedro.com.ar\/sitio\/wp-content\/uploads\/2020\/09\/WhatsApp-Image-2020-09-18-at-09.07.22.jpeg\" data-orig-size=\"1280,720\" data-comments-opened=\"1\" data-image-meta=\"{&quot;aperture&quot;:&quot;0&quot;,&quot;credit&quot;:&quot;&quot;,&quot;camera&quot;:&quot;&quot;,&quot;caption&quot;:&quot;&quot;,&quot;created_timestamp&quot;:&quot;0&quot;,&quot;copyright&quot;:&quot;&quot;,&quot;focal_length&quot;:&quot;0&quot;,&quot;iso&quot;:&quot;0&quot;,&quot;shutter_speed&quot;:&quot;0&quot;,&quot;title&quot;:&quot;&quot;,&quot;orientation&quot;:&quot;0&quot;}\" data-image-title=\"WhatsApp Image 2020-09-18 at 09.07.22\" data-image-description=\"\" data-image-caption=\"\" data-large-file=\"https:\/\/eldiariodesanpedro.com.ar\/sitio\/wp-content\/uploads\/2020\/09\/WhatsApp-Image-2020-09-18-at-09.07.22-1024x576.jpeg\" data-src=\"https:\/\/eldiariodesanpedro.com.ar\/sitio\/wp-content\/uploads\/2020\/09\/WhatsApp-Image-2020-09-18-at-09.07.22-1024x576.jpeg\" alt=\"\" class=\"wp-image-81180 lazyload\" data-srcset=\"https:\/\/eldiariodesanpedro.com.ar\/sitio\/wp-content\/uploads\/2020\/09\/WhatsApp-Image-2020-09-18-at-09.07.22-1024x576.jpeg 1024w, https:\/\/eldiariodesanpedro.com.ar\/sitio\/wp-content\/uploads\/2020\/09\/WhatsApp-Image-2020-09-18-at-09.07.22-300x169.jpeg 300w, https:\/\/eldiariodesanpedro.com.ar\/sitio\/wp-content\/uploads\/2020\/09\/WhatsApp-Image-2020-09-18-at-09.07.22-768x432.jpeg 768w, https:\/\/eldiariodesanpedro.com.ar\/sitio\/wp-content\/uploads\/2020\/09\/WhatsApp-Image-2020-09-18-at-09.07.22-800x450.jpeg 800w, https:\/\/eldiariodesanpedro.com.ar\/sitio\/wp-content\/uploads\/2020\/09\/WhatsApp-Image-2020-09-18-at-09.07.22.jpeg 1280w\" data-sizes=\"(max-width: 1024px) 100vw, 1024px\" src=\"data:image\/svg+xml;base64,PHN2ZyB3aWR0aD0iMSIgaGVpZ2h0PSIxIiB4bWxucz0iaHR0cDovL3d3dy53My5vcmcvMjAwMC9zdmciPjwvc3ZnPg==\" style=\"--smush-placeholder-width: 1024px; --smush-placeholder-aspect-ratio: 1024\/576;\" \/><\/figure>\n","protected":false},"excerpt":{"rendered":"<p>La Secretar\u00eda de Salud de la Municipalidad de San Pedro desea compartir con la comunidad sampedrina, un profundo agradecimiento con las autoridades del Instituto Malbran y la Administraci\u00f3n Nacional de Laboratorios que depende del Ministerio de Salud de la Naci\u00f3n, por el importante env\u00edo de kits de testeo con los que se viene dando respuesta [&hellip;]<\/p>\n","protected":false},"author":4,"featured_media":81179,"comment_status":"open","ping_status":"closed","sticky":false,"template":"","format":"standard","meta":{"om_disable_all_campaigns":false,"_jetpack_memberships_contains_paid_content":false,"footnotes":""},"categories":[50,101,2],"tags":[197,696,33],"class_list":["post-81178","post","type-post","status-publish","format-standard","has-post-thumbnail","hentry","category-destacadas","category-interes-general-locales","category-locales","tag-buenos-aires","tag-interes-general","tag-locales"],"aioseo_notices":[],"gutentor_comment":0,"jetpack_featured_media_url":"https:\/\/eldiariodesanpedro.com.ar\/sitio\/wp-content\/uploads\/2020\/09\/WhatsApp-Image-2020-09-18-at-09.07.21.jpeg","jetpack_shortlink":"https:\/\/wp.me\/p6RhLt-l7k","jetpack_sharing_enabled":true,"_links":{"self":[{"href":"https:\/\/eldiariodesanpedro.com.ar\/sitio\/wp-json\/wp\/v2\/posts\/81178","targetHints":{"allow":["GET"]}}],"collection":[{"href":"https:\/\/eldiariodesanpedro.com.ar\/sitio\/wp-json\/wp\/v2\/posts"}],"about":[{"href":"https:\/\/eldiariodesanpedro.com.ar\/sitio\/wp-json\/wp\/v2\/types\/post"}],"author":[{"embeddable":true,"href":"https:\/\/eldiariodesanpedro.com.ar\/sitio\/wp-json\/wp\/v2\/users\/4"}],"replies":[{"embeddable":true,"href":"https:\/\/eldiariodesanpedro.com.ar\/sitio\/wp-json\/wp\/v2\/comments?post=81178"}],"version-history":[{"count":1,"href":"https:\/\/eldiariodesanpedro.com.ar\/sitio\/wp-json\/wp\/v2\/posts\/81178\/revisions"}],"predecessor-version":[{"id":81181,"href":"https:\/\/eldiariodesanpedro.com.ar\/sitio\/wp-json\/wp\/v2\/posts\/81178\/revisions\/81181"}],"wp:featuredmedia":[{"embeddable":true,"href":"https:\/\/eldiariodesanpedro.com.ar\/sitio\/wp-json\/wp\/v2\/media\/81179"}],"wp:attachment":[{"href":"https:\/\/eldiariodesanpedro.com.ar\/sitio\/wp-json\/wp\/v2\/media?parent=81178"}],"wp:term":[{"taxonomy":"category","embeddable":true,"href":"https:\/\/eldiariodesanpedro.com.ar\/sitio\/wp-json\/wp\/v2\/categories?post=81178"},{"taxonomy":"post_tag","embeddable":true,"href":"https:\/\/eldiariodesanpedro.com.ar\/sitio\/wp-json\/wp\/v2\/tags?post=81178"}],"curies":[{"name":"wp","href":"https:\/\/api.w.org\/{rel}","templated":true}]}}