{"id":81175,"date":"2020-09-18T09:55:39","date_gmt":"2020-09-18T12:55:39","guid":{"rendered":"https:\/\/eldiariodesanpedro.com.ar\/sitio\/?p=81175"},"modified":"2020-09-18T09:55:40","modified_gmt":"2020-09-18T12:55:40","slug":"curso-de-higiene-y-seguridad-en-la-empresa-agraria","status":"publish","type":"post","link":"https:\/\/eldiariodesanpedro.com.ar\/sitio\/curso-de-higiene-y-seguridad-en-la-empresa-agraria\/","title":{"rendered":"Curso de Higiene y seguridad en la empresa agraria"},"content":{"rendered":"<!-- VideographyWP Plugin Message: Automatic video embedding prevented by plugin options. -->\n\n<p>Con modalidad online, el jueves 24 de septiembre tendr\u00e1 lugar la 18\u00b0 edici\u00f3n de la capacitaci\u00f3n que pone foco en la prevenci\u00f3n de accidentes laborales en el sector agrario. Este a\u00f1o, con la participaci\u00f3n de un especialista de la Uni\u00f3n Argentina de Trabajadores Rurales y Estibadores (UATRE).<\/p>\n\n\n\n<p>Desde 2002, INTA San Pedro comparte herramientas para referentes de empresas, capataces y trabajadores rurales en la b\u00fasqueda de la reducci\u00f3n de los riesgos relacionados con el trabajo en el medio rural. Este curso presenta continuidad a trav\u00e9s de los a\u00f1os en el norte bonaerense y es esperado por muchas empresas que lo requieren para acreditar el cumplimiento de las Buenas Pr\u00e1cticas Agr\u00edcolas obligatorias en la actividad frut\u00edcola y a partir del a\u00f1o que viene en la actividad hort\u00edcola. En el marco de la pandemia, tendr\u00e1 su edici\u00f3n con modalidad virtual.<\/p>\n\n\n\n<p>La jornada brinda herramientas concretas y sensibilizar en torno a algunos peligros asociados al trabajo rural, teniendo en cuenta que el agro es el segundo sector laboral con m\u00e1s accidentes, luego de la construcci\u00f3n. Cada a\u00f1o se producen lesiones graves y muertes por accidentes que podr\u00edan evitarse, situaciones que se producen a partir de la falta de capacitaci\u00f3n adecuada, las deficientes condiciones de infraestructura, maquinarias y herramientas en mal estado, entre otras.<br>Este a\u00f1o se concretar\u00e1 la 18\u00b0 edici\u00f3n, y el eje estar\u00e1 puesto en los principios a tener en cuenta para evitar el contagio por COVID-19, adem\u00e1s de focalizar en el uso responsable de agroqu\u00edmicos; y una charla sobre derechos y obligaciones de los trabajadores, a cargo de un t\u00e9cnico de la UATRE.&nbsp; La capacitaci\u00f3n est\u00e1 destinada a trabajadores, capataces, personal profesional, estudiantes de carreras afines e interesados en el tema. Requiere inscripci\u00f3n previa en <a href=\"https:\/\/gob.us14.list-manage.com\/track\/click?u=dc8d70956a2304ba6ec6196eb&amp;id=9d9b08fc77&amp;e=a7bb5a3a89\">http:\/\/bit.ly\/HyS2020<\/a> y quienes quieran acceder al certificado de participaci\u00f3n deber\u00e1n completar al final una consigna sobre los contenidos del curso.<\/p>\n","protected":false},"excerpt":{"rendered":"<p>Con modalidad online, el jueves 24 de septiembre tendr\u00e1 lugar la 18\u00b0 edici\u00f3n de la capacitaci\u00f3n que pone foco en la prevenci\u00f3n de accidentes laborales en el sector agrario. Este a\u00f1o, con la participaci\u00f3n de un especialista de la Uni\u00f3n Argentina de Trabajadores Rurales y Estibadores (UATRE). Desde 2002, INTA San Pedro comparte herramientas para [&hellip;]<\/p>\n","protected":false},"author":4,"featured_media":81176,"comment_status":"open","ping_status":"closed","sticky":false,"template":"","format":"standard","meta":{"om_disable_all_campaigns":false,"_jetpack_memberships_contains_paid_content":false,"footnotes":""},"categories":[101,2],"tags":[197,696,33],"class_list":["post-81175","post","type-post","status-publish","format-standard","has-post-thumbnail","hentry","category-interes-general-locales","category-locales","tag-buenos-aires","tag-interes-general","tag-locales"],"aioseo_notices":[],"gutentor_comment":0,"jetpack_featured_media_url":"https:\/\/eldiariodesanpedro.com.ar\/sitio\/wp-content\/uploads\/2020\/09\/capacitaciones_2020-_hys_2.png","jetpack_shortlink":"https:\/\/wp.me\/p6RhLt-l7h","jetpack_sharing_enabled":true,"_links":{"self":[{"href":"https:\/\/eldiariodesanpedro.com.ar\/sitio\/wp-json\/wp\/v2\/posts\/81175","targetHints":{"allow":["GET"]}}],"collection":[{"href":"https:\/\/eldiariodesanpedro.com.ar\/sitio\/wp-json\/wp\/v2\/posts"}],"about":[{"href":"https:\/\/eldiariodesanpedro.com.ar\/sitio\/wp-json\/wp\/v2\/types\/post"}],"author":[{"embeddable":true,"href":"https:\/\/eldiariodesanpedro.com.ar\/sitio\/wp-json\/wp\/v2\/users\/4"}],"replies":[{"embeddable":true,"href":"https:\/\/eldiariodesanpedro.com.ar\/sitio\/wp-json\/wp\/v2\/comments?post=81175"}],"version-history":[{"count":1,"href":"https:\/\/eldiariodesanpedro.com.ar\/sitio\/wp-json\/wp\/v2\/posts\/81175\/revisions"}],"predecessor-version":[{"id":81177,"href":"https:\/\/eldiariodesanpedro.com.ar\/sitio\/wp-json\/wp\/v2\/posts\/81175\/revisions\/81177"}],"wp:featuredmedia":[{"embeddable":true,"href":"https:\/\/eldiariodesanpedro.com.ar\/sitio\/wp-json\/wp\/v2\/media\/81176"}],"wp:attachment":[{"href":"https:\/\/eldiariodesanpedro.com.ar\/sitio\/wp-json\/wp\/v2\/media?parent=81175"}],"wp:term":[{"taxonomy":"category","embeddable":true,"href":"https:\/\/eldiariodesanpedro.com.ar\/sitio\/wp-json\/wp\/v2\/categories?post=81175"},{"taxonomy":"post_tag","embeddable":true,"href":"https:\/\/eldiariodesanpedro.com.ar\/sitio\/wp-json\/wp\/v2\/tags?post=81175"}],"curies":[{"name":"wp","href":"https:\/\/api.w.org\/{rel}","templated":true}]}}