{"id":81167,"date":"2020-09-17T20:27:34","date_gmt":"2020-09-17T23:27:34","guid":{"rendered":"https:\/\/eldiariodesanpedro.com.ar\/sitio\/?p=81167"},"modified":"2020-09-17T20:34:24","modified_gmt":"2020-09-17T23:34:24","slug":"se-recibieron-tres-resultados-positivos-de-laboratorios-privados","status":"publish","type":"post","link":"https:\/\/eldiariodesanpedro.com.ar\/sitio\/se-recibieron-tres-resultados-positivos-de-laboratorios-privados\/","title":{"rendered":"Se recibieron tres resultados positivos de laboratorios privados"},"content":{"rendered":"<!-- VideographyWP Plugin Message: Automatic video embedding prevented by plugin options. -->\n\n<p>La Secretar\u00eda de Salud de la Municipalidad de San Pedro informa que hasta el momento s\u00f3lo se reportaron resultados de laboratorios privados, que suman 3 nuevos casos positivos en el seguimiento de la Pandemia de Covid-19.<br>No se notificaron muestras negativas.<br>Hoy se enviaron 81 nuevas muestras y se cargaron 32 nuevas altas.<br>En San Pedro al d\u00eda de la fecha se registran 171 casos activos y est\u00e1n pendientes 98 muestras.<\/p>\n\n\n\n<p>Detalle:<br>Sin resultados el d\u00eda de hoy desde el sistema p\u00fablico y mixto<br>Laboratorios Privados: 3 casos positivos<br>+1 caso positivo desde Sanatorio Coopser de un hombre de 66 a\u00f1os.<br>+1 caso positivo desde el Laboratorio de Cl\u00ednica San Pedro de un hombre de 65 a\u00f1os.<br>+1 caso positivo de un hombre de 28 a\u00f1os, reportado por la empresa Toyota a trav\u00e9s de sus test aleatorios.<\/p>\n\n\n\n<p>Muestras<br>Se enviaron 77 muestras al sistema p\u00fablico que corresponden a:<\/p>\n\n\n\n<ul class=\"wp-block-list\"><li>40 mujeres de 1, 14(2), 16, 19, 20(2), 23, 26(3), 28, 29(3), 31, 32, 34(2), 36(3), 38, 40, 42, 43, 45, 47, 49, 50(2), 55, 56(2), 58, 59, 61, 67, 70 y 73 a\u00f1os.<\/li><li>37 hombres de 20, 22(2), 23(2), 24, 25, 26(2), 28, 30(2), 32, 35(2), 36(3), 38, 39, 40, 41, 45, 46, 47, 48, 51, 56, 58, 59(2), 67, 69, 71, 73, 77 y 91 a\u00f1os.<\/li><\/ul>\n\n\n\n<p>Adem\u00e1s, se enviaron 4 muestras al sistema mixto que corresponden a mujeres de 26, 48 y 49 a\u00f1os; y un hombre de 55 a\u00f1os.<\/p>\n\n\n\n<p>Recuperados: 32<br>Los nuevos pacientes que se suman al grupo de recuperados son mujeres de 17, 23, 24, 26, 27, 28, 29, 33, 35, 36, 41, 45, 46, 47, 48(2) y 55 a\u00f1os; y hombres de 22, 25, 27, 28(2), 30, 32(2), 35(2), 36(2), 48, 65 y 82 a\u00f1os<br><br>Con esta actualizaci\u00f3n el resumen es el siguiente:<\/p>\n\n\n\n<p>RESUMEN<br>Nuevas muestras enviadas p\u00fablico-mixto: 81<br>Muestras Pendientes p\u00fablico-mixto: 98<br>Nuevas muestras negativas p\u00fablico-mixto-privado: 00<br>Nuevos Casos Positivos p\u00fablico-mixto-privado: 3<br>Total de confirmados: 707(*)<br>Total de casos activos: 171<br>Total de casos recuperados: 508<br>Total de casos fallecidos: 28<br>Total de muestras negativas sistema p\u00fablico-mixto-privado: 1068<br>(*) En este informe s\u00f3lo se incluyen los positivos confirmados con hisopado.<\/p>\n\n\n\n<p>&#x1f449; Usar tapabocas.<br>&#x1f449; Mantener la distancia m\u00ednima de 2 metros.<br>&#x1f449; Extremar la higiene de los espacios.<br>&#x1f449; Mantener las manos limpias.<\/p>\n\n\n\n<p>Se recuerda que, ante s\u00edntomas de tos seca, fiebre y dolor de garganta y la probabilidad de haber estado en contacto con enfermos o viajeros llegados desde las zonas transmisi\u00f3n local o comunitaria se puede llamar al 148 o 107.<\/p>\n\n\n\n<figure class=\"wp-block-image size-large\"><img decoding=\"async\" width=\"1024\" height=\"992\" data-attachment-id=\"81169\" data-permalink=\"https:\/\/eldiariodesanpedro.com.ar\/sitio\/se-recibieron-tres-resultados-positivos-de-laboratorios-privados\/whatsapp-image-2020-09-17-at-20-18-52\/\" data-orig-file=\"https:\/\/eldiariodesanpedro.com.ar\/sitio\/wp-content\/uploads\/2020\/09\/WhatsApp-Image-2020-09-17-at-20.18.52.jpeg\" data-orig-size=\"1280,1240\" data-comments-opened=\"1\" data-image-meta=\"{&quot;aperture&quot;:&quot;0&quot;,&quot;credit&quot;:&quot;&quot;,&quot;camera&quot;:&quot;&quot;,&quot;caption&quot;:&quot;&quot;,&quot;created_timestamp&quot;:&quot;0&quot;,&quot;copyright&quot;:&quot;&quot;,&quot;focal_length&quot;:&quot;0&quot;,&quot;iso&quot;:&quot;0&quot;,&quot;shutter_speed&quot;:&quot;0&quot;,&quot;title&quot;:&quot;&quot;,&quot;orientation&quot;:&quot;0&quot;}\" data-image-title=\"WhatsApp Image 2020-09-17 at 20.18.52\" data-image-description=\"\" data-image-caption=\"\" data-large-file=\"https:\/\/eldiariodesanpedro.com.ar\/sitio\/wp-content\/uploads\/2020\/09\/WhatsApp-Image-2020-09-17-at-20.18.52-1024x992.jpeg\" data-src=\"https:\/\/eldiariodesanpedro.com.ar\/sitio\/wp-content\/uploads\/2020\/09\/WhatsApp-Image-2020-09-17-at-20.18.52-1024x992.jpeg\" alt=\"\" class=\"wp-image-81169 lazyload\" data-srcset=\"https:\/\/eldiariodesanpedro.com.ar\/sitio\/wp-content\/uploads\/2020\/09\/WhatsApp-Image-2020-09-17-at-20.18.52-1024x992.jpeg 1024w, https:\/\/eldiariodesanpedro.com.ar\/sitio\/wp-content\/uploads\/2020\/09\/WhatsApp-Image-2020-09-17-at-20.18.52-300x291.jpeg 300w, https:\/\/eldiariodesanpedro.com.ar\/sitio\/wp-content\/uploads\/2020\/09\/WhatsApp-Image-2020-09-17-at-20.18.52-768x744.jpeg 768w, https:\/\/eldiariodesanpedro.com.ar\/sitio\/wp-content\/uploads\/2020\/09\/WhatsApp-Image-2020-09-17-at-20.18.52.jpeg 1280w\" data-sizes=\"(max-width: 1024px) 100vw, 1024px\" src=\"data:image\/svg+xml;base64,PHN2ZyB3aWR0aD0iMSIgaGVpZ2h0PSIxIiB4bWxucz0iaHR0cDovL3d3dy53My5vcmcvMjAwMC9zdmciPjwvc3ZnPg==\" style=\"--smush-placeholder-width: 1024px; --smush-placeholder-aspect-ratio: 1024\/992;\" \/><\/figure>\n","protected":false},"excerpt":{"rendered":"<p>La Secretar\u00eda de Salud de la Municipalidad de San Pedro informa que hasta el momento s\u00f3lo se reportaron resultados de laboratorios privados, que suman 3 nuevos casos positivos en el seguimiento de la Pandemia de Covid-19.No se notificaron muestras negativas.Hoy se enviaron 81 nuevas muestras y se cargaron 32 nuevas altas.En San Pedro al d\u00eda [&hellip;]<\/p>\n","protected":false},"author":4,"featured_media":78783,"comment_status":"open","ping_status":"closed","sticky":false,"template":"","format":"standard","meta":{"om_disable_all_campaigns":false,"_jetpack_memberships_contains_paid_content":false,"footnotes":""},"categories":[50,101,2],"tags":[197,808,696,33],"class_list":["post-81167","post","type-post","status-publish","format-standard","has-post-thumbnail","hentry","category-destacadas","category-interes-general-locales","category-locales","tag-buenos-aires","tag-coronavirus","tag-interes-general","tag-locales"],"aioseo_notices":[],"gutentor_comment":0,"jetpack_featured_media_url":"https:\/\/eldiariodesanpedro.com.ar\/sitio\/wp-content\/uploads\/2020\/08\/coronavirus-positivo-2.jpg","jetpack_shortlink":"https:\/\/wp.me\/p6RhLt-l79","jetpack_sharing_enabled":true,"_links":{"self":[{"href":"https:\/\/eldiariodesanpedro.com.ar\/sitio\/wp-json\/wp\/v2\/posts\/81167","targetHints":{"allow":["GET"]}}],"collection":[{"href":"https:\/\/eldiariodesanpedro.com.ar\/sitio\/wp-json\/wp\/v2\/posts"}],"about":[{"href":"https:\/\/eldiariodesanpedro.com.ar\/sitio\/wp-json\/wp\/v2\/types\/post"}],"author":[{"embeddable":true,"href":"https:\/\/eldiariodesanpedro.com.ar\/sitio\/wp-json\/wp\/v2\/users\/4"}],"replies":[{"embeddable":true,"href":"https:\/\/eldiariodesanpedro.com.ar\/sitio\/wp-json\/wp\/v2\/comments?post=81167"}],"version-history":[{"count":2,"href":"https:\/\/eldiariodesanpedro.com.ar\/sitio\/wp-json\/wp\/v2\/posts\/81167\/revisions"}],"predecessor-version":[{"id":81170,"href":"https:\/\/eldiariodesanpedro.com.ar\/sitio\/wp-json\/wp\/v2\/posts\/81167\/revisions\/81170"}],"wp:featuredmedia":[{"embeddable":true,"href":"https:\/\/eldiariodesanpedro.com.ar\/sitio\/wp-json\/wp\/v2\/media\/78783"}],"wp:attachment":[{"href":"https:\/\/eldiariodesanpedro.com.ar\/sitio\/wp-json\/wp\/v2\/media?parent=81167"}],"wp:term":[{"taxonomy":"category","embeddable":true,"href":"https:\/\/eldiariodesanpedro.com.ar\/sitio\/wp-json\/wp\/v2\/categories?post=81167"},{"taxonomy":"post_tag","embeddable":true,"href":"https:\/\/eldiariodesanpedro.com.ar\/sitio\/wp-json\/wp\/v2\/tags?post=81167"}],"curies":[{"name":"wp","href":"https:\/\/api.w.org\/{rel}","templated":true}]}}