{"id":8116,"date":"2016-09-15T19:26:52","date_gmt":"2016-09-15T22:26:52","guid":{"rendered":"https:\/\/eldiariodesanpedro.com.ar\/sitio\/?p=8116"},"modified":"2016-09-15T19:26:52","modified_gmt":"2016-09-15T22:26:52","slug":"modernizacion-y-salud-visitaron-santa-lucia","status":"publish","type":"post","link":"https:\/\/eldiariodesanpedro.com.ar\/sitio\/modernizacion-y-salud-visitaron-santa-lucia\/","title":{"rendered":"Modernizaci\u00f3n y Salud visitaron Santa Luc\u00eda"},"content":{"rendered":"<p><!-- VideographyWP Plugin Message: Automatic video embedding prevented by plugin options. --><br \/>\nEl s\u00e1bado pasado el equipo de Modernizaci\u00f3n y Salud de la Municipalidad de San Pedro, encabezados por el intendente Salazar, recorri\u00f3 la delegaci\u00f3n de Santa Luc\u00eda y el Hospital.<br \/>\n\u00abSe hizo un relevamiento para la instalaci\u00f3n de nuevos equipos inform\u00e1ticos y estamos orgullosos en contar que ya funciona el nuevo sistema de Rayos X y el de laboratorio, lo que har\u00e1 m\u00e1s r\u00e1pida y \u00e1gil la atenci\u00f3n de nuestros vecinos\u00bb, informaron desde la Municipalidad en un comunicado.<br \/>\nY luego agregaron: \u00abTambi\u00e9n llevamos el decreto que habilita a la compra de una m\u00e1quina lavadora y secadora de ropa para el nosocomio, facilitando la tarea del personal, la compra provoc\u00f3 una inversi\u00f3n de 200.000 pesos provenientes del Fondo Sojero, recorrimos la obra del nuevo comedor para el geri\u00e1trico que funciona en el hospital, haciendo posible una mejor atenci\u00f3n de los abuelos que viven all\u00ed, pero lo mejor de todo fue el almuerzo que pudimos compartir con los empleados del nosocomio y la delegaci\u00f3n en un s\u00e1bado lleno de sol, gracias por recibirnos y por creer como nosotros que con esfuerzo y trabajo todo se puede cambiar, seguimos construyendo futuro\u00bb.<\/p>\n","protected":false},"excerpt":{"rendered":"<p>El s\u00e1bado pasado el equipo de Modernizaci\u00f3n y Salud de la Municipalidad de San Pedro, encabezados por el intendente Salazar, recorri\u00f3 la delegaci\u00f3n de Santa Luc\u00eda y el Hospital. \u00abSe hizo un relevamiento para la instalaci\u00f3n de nuevos equipos inform\u00e1ticos y estamos orgullosos en contar que ya funciona el nuevo sistema de Rayos X y [&hellip;]<\/p>\n","protected":false},"author":4,"featured_media":6357,"comment_status":"open","ping_status":"closed","sticky":false,"template":"","format":"standard","meta":{"om_disable_all_campaigns":false,"_jetpack_memberships_contains_paid_content":false,"footnotes":""},"categories":[50,2,102],"tags":[],"class_list":["post-8116","post","type-post","status-publish","format-standard","has-post-thumbnail","hentry","category-destacadas","category-locales","category-politica-locales"],"aioseo_notices":[],"gutentor_comment":0,"jetpack_featured_media_url":"https:\/\/eldiariodesanpedro.com.ar\/sitio\/wp-content\/uploads\/2016\/07\/salazar.jpg","jetpack_shortlink":"https:\/\/wp.me\/p6RhLt-26U","jetpack_sharing_enabled":true,"_links":{"self":[{"href":"https:\/\/eldiariodesanpedro.com.ar\/sitio\/wp-json\/wp\/v2\/posts\/8116","targetHints":{"allow":["GET"]}}],"collection":[{"href":"https:\/\/eldiariodesanpedro.com.ar\/sitio\/wp-json\/wp\/v2\/posts"}],"about":[{"href":"https:\/\/eldiariodesanpedro.com.ar\/sitio\/wp-json\/wp\/v2\/types\/post"}],"author":[{"embeddable":true,"href":"https:\/\/eldiariodesanpedro.com.ar\/sitio\/wp-json\/wp\/v2\/users\/4"}],"replies":[{"embeddable":true,"href":"https:\/\/eldiariodesanpedro.com.ar\/sitio\/wp-json\/wp\/v2\/comments?post=8116"}],"version-history":[{"count":1,"href":"https:\/\/eldiariodesanpedro.com.ar\/sitio\/wp-json\/wp\/v2\/posts\/8116\/revisions"}],"predecessor-version":[{"id":8117,"href":"https:\/\/eldiariodesanpedro.com.ar\/sitio\/wp-json\/wp\/v2\/posts\/8116\/revisions\/8117"}],"wp:featuredmedia":[{"embeddable":true,"href":"https:\/\/eldiariodesanpedro.com.ar\/sitio\/wp-json\/wp\/v2\/media\/6357"}],"wp:attachment":[{"href":"https:\/\/eldiariodesanpedro.com.ar\/sitio\/wp-json\/wp\/v2\/media?parent=8116"}],"wp:term":[{"taxonomy":"category","embeddable":true,"href":"https:\/\/eldiariodesanpedro.com.ar\/sitio\/wp-json\/wp\/v2\/categories?post=8116"},{"taxonomy":"post_tag","embeddable":true,"href":"https:\/\/eldiariodesanpedro.com.ar\/sitio\/wp-json\/wp\/v2\/tags?post=8116"}],"curies":[{"name":"wp","href":"https:\/\/api.w.org\/{rel}","templated":true}]}}