{"id":8113,"date":"2016-09-15T19:20:00","date_gmt":"2016-09-15T22:20:00","guid":{"rendered":"https:\/\/eldiariodesanpedro.com.ar\/sitio\/?p=8113"},"modified":"2016-09-15T19:20:00","modified_gmt":"2016-09-15T22:20:00","slug":"comienzan-los-trabajos-de-reparacion-de-la-ruta-191","status":"publish","type":"post","link":"https:\/\/eldiariodesanpedro.com.ar\/sitio\/comienzan-los-trabajos-de-reparacion-de-la-ruta-191\/","title":{"rendered":"Comienzan los trabajos de reparaci\u00f3n de la ruta 191"},"content":{"rendered":"<p><!-- VideographyWP Plugin Message: Automatic video embedding prevented by plugin options. --><br \/>\nSe espera que arriben a Pueblo Doyle las m\u00e1quinas y el personal que tendr\u00e1 la responsabilidad de trabajar en el bacheo de la r 191. De esta manera, se dar\u00e1 cumplimiento a lo que hab\u00eda sido prometido por parte de Vialidad Provincial al intendente Salazar cuando se desarrollaron los cortes en el mes de agosto pasado.<br \/>\nCabe recordar que esto motiv\u00f3 el levantamiento de la medida de fuerza que realizaban los vecinos para reclamar una mejora en el camino, teniendo en cuenta los graves accidentes que ocurren a menudo en todo el tramo que va desde nuestra ciudad hacia Arrecifes, por el mal estado.<br \/>\nEs preciso se\u00f1alar que no se trata de una reparaci\u00f3n total que comprenda una repavimentaci\u00f3n, sino que se llevar\u00e1 a cabo un trabajo espec\u00edfico y parcializado en las zonas da\u00f1adas. Se rellenar\u00e1n y bachear\u00e1n los pozos que se generaron como consecuencia de la falta de mantenimiento.<br \/>\nEn tanto, se espera que en el Presupuesto 2017 de la provincia de Buenos Aires se incluya la reparaci\u00f3n total.<\/p>\n","protected":false},"excerpt":{"rendered":"<p>Se espera que arriben a Pueblo Doyle las m\u00e1quinas y el personal que tendr\u00e1 la responsabilidad de trabajar en el bacheo de la r 191. De esta manera, se dar\u00e1 cumplimiento a lo que hab\u00eda sido prometido por parte de Vialidad Provincial al intendente Salazar cuando se desarrollaron los cortes en el mes de agosto [&hellip;]<\/p>\n","protected":false},"author":4,"featured_media":8114,"comment_status":"open","ping_status":"closed","sticky":false,"template":"","format":"standard","meta":{"om_disable_all_campaigns":false,"_jetpack_memberships_contains_paid_content":false,"footnotes":""},"categories":[101,2],"tags":[],"class_list":["post-8113","post","type-post","status-publish","format-standard","has-post-thumbnail","hentry","category-interes-general-locales","category-locales"],"aioseo_notices":[],"gutentor_comment":0,"jetpack_featured_media_url":"https:\/\/eldiariodesanpedro.com.ar\/sitio\/wp-content\/uploads\/2016\/09\/ruta-191-desastroza-2.jpg","jetpack_shortlink":"https:\/\/wp.me\/p6RhLt-26R","jetpack_sharing_enabled":true,"_links":{"self":[{"href":"https:\/\/eldiariodesanpedro.com.ar\/sitio\/wp-json\/wp\/v2\/posts\/8113","targetHints":{"allow":["GET"]}}],"collection":[{"href":"https:\/\/eldiariodesanpedro.com.ar\/sitio\/wp-json\/wp\/v2\/posts"}],"about":[{"href":"https:\/\/eldiariodesanpedro.com.ar\/sitio\/wp-json\/wp\/v2\/types\/post"}],"author":[{"embeddable":true,"href":"https:\/\/eldiariodesanpedro.com.ar\/sitio\/wp-json\/wp\/v2\/users\/4"}],"replies":[{"embeddable":true,"href":"https:\/\/eldiariodesanpedro.com.ar\/sitio\/wp-json\/wp\/v2\/comments?post=8113"}],"version-history":[{"count":1,"href":"https:\/\/eldiariodesanpedro.com.ar\/sitio\/wp-json\/wp\/v2\/posts\/8113\/revisions"}],"predecessor-version":[{"id":8115,"href":"https:\/\/eldiariodesanpedro.com.ar\/sitio\/wp-json\/wp\/v2\/posts\/8113\/revisions\/8115"}],"wp:featuredmedia":[{"embeddable":true,"href":"https:\/\/eldiariodesanpedro.com.ar\/sitio\/wp-json\/wp\/v2\/media\/8114"}],"wp:attachment":[{"href":"https:\/\/eldiariodesanpedro.com.ar\/sitio\/wp-json\/wp\/v2\/media?parent=8113"}],"wp:term":[{"taxonomy":"category","embeddable":true,"href":"https:\/\/eldiariodesanpedro.com.ar\/sitio\/wp-json\/wp\/v2\/categories?post=8113"},{"taxonomy":"post_tag","embeddable":true,"href":"https:\/\/eldiariodesanpedro.com.ar\/sitio\/wp-json\/wp\/v2\/tags?post=8113"}],"curies":[{"name":"wp","href":"https:\/\/api.w.org\/{rel}","templated":true}]}}