{"id":81124,"date":"2020-09-17T10:07:24","date_gmt":"2020-09-17T13:07:24","guid":{"rendered":"https:\/\/eldiariodesanpedro.com.ar\/sitio\/?p=81124"},"modified":"2020-09-17T11:23:43","modified_gmt":"2020-09-17T14:23:43","slug":"se-entrego-uno-de-los-acusados-de-participar-en-el-asesinato-de-vanesa-martinez","status":"publish","type":"post","link":"https:\/\/eldiariodesanpedro.com.ar\/sitio\/se-entrego-uno-de-los-acusados-de-participar-en-el-asesinato-de-vanesa-martinez\/","title":{"rendered":"Se entreg\u00f3 uno de los acusados de participar en el asesinato de Vanesa Mart\u00ednez"},"content":{"rendered":"<!-- VideographyWP Plugin Message: Automatic video embedding prevented by plugin options. -->\n\n<p>Se trata de Mat\u00edas Vergara de 29 a\u00f1os,&nbsp;quien se present\u00f3 en la sede judicial junto a su mam\u00e1 y fue detenido en las inmediaciones por temor a represalias.&nbsp;<\/p>\n\n\n\n<p>Sobre el mediod\u00eda del mi\u00e9rcoles qued\u00f3 detenido el tercer implicado en el asesinato de Vanesa Mart\u00ednez. Se trata de Mat\u00edas Vergara, de 29 a\u00f1os, quien se present\u00f3 en la sede judicial junto a su mam\u00e1 pero por temor a recibir alguna reprimenda de parte de las otras familias con las que est\u00e1 en conflicto decidi\u00f3 esperar que una comisi\u00f3n policial de la DDI lo apresara en las inmediaciones de la fiscal\u00eda.<\/p>\n\n\n\n<p>Vergara est\u00e1 se\u00f1alado como uno de los participantes del incidente y uno de los que provoc\u00f3 el incendio de una casa el domingo, en ls horas previas a la muerte de la mujer.&nbsp;<\/p>\n\n\n\n<p>Este \u00faltimo est\u00e1 a acusado de atacar a tiros a los hermanos Ezequiel Rodolfo Benvenutto de 27 a\u00f1os, y Alejandro El\u00edas Benvenutto de 25, aunque no habr\u00eda actuado solo.<\/p>\n\n\n\n<p>Ahoa son tres los detenidos por el homicidio de Vanesa Mart\u00ednez, la mujer de 39 a\u00f1os que se encontraba en el patio de su casa al resguardo de su hija cuando uno de los disparos que los j\u00f3venes ven\u00edan efectuando dio en su espalda y pr\u00e1cticamente la mat\u00f3 en el acto.<\/p>\n\n\n\n<p>Fuente: <a href=\"https:\/\/www.sanpedroinforma.com.ar\/nota\/123661\/interes-general\/se-entrego-uno-de-los-acusados-de-participar-en-el-asesinato-de-vanesa-martinez.html\">San Pedro Informa<\/a><\/p>\n","protected":false},"excerpt":{"rendered":"<p>Se trata de Mat\u00edas Vergara de 29 a\u00f1os,&nbsp;quien se present\u00f3 en la sede judicial junto a su mam\u00e1 y fue detenido en las inmediaciones por temor a represalias.&nbsp; Sobre el mediod\u00eda del mi\u00e9rcoles qued\u00f3 detenido el tercer implicado en el asesinato de Vanesa Mart\u00ednez. Se trata de Mat\u00edas Vergara, de 29 a\u00f1os, quien se present\u00f3 [&hellip;]<\/p>\n","protected":false},"author":4,"featured_media":81125,"comment_status":"open","ping_status":"closed","sticky":false,"template":"","format":"standard","meta":{"om_disable_all_campaigns":false,"_jetpack_memberships_contains_paid_content":false,"footnotes":""},"categories":[50,101,2],"tags":[],"class_list":["post-81124","post","type-post","status-publish","format-standard","has-post-thumbnail","hentry","category-destacadas","category-interes-general-locales","category-locales"],"aioseo_notices":[],"gutentor_comment":0,"jetpack_featured_media_url":"https:\/\/eldiariodesanpedro.com.ar\/sitio\/wp-content\/uploads\/2020\/09\/000087022.jpg","jetpack_shortlink":"https:\/\/wp.me\/p6RhLt-l6s","jetpack_sharing_enabled":true,"_links":{"self":[{"href":"https:\/\/eldiariodesanpedro.com.ar\/sitio\/wp-json\/wp\/v2\/posts\/81124","targetHints":{"allow":["GET"]}}],"collection":[{"href":"https:\/\/eldiariodesanpedro.com.ar\/sitio\/wp-json\/wp\/v2\/posts"}],"about":[{"href":"https:\/\/eldiariodesanpedro.com.ar\/sitio\/wp-json\/wp\/v2\/types\/post"}],"author":[{"embeddable":true,"href":"https:\/\/eldiariodesanpedro.com.ar\/sitio\/wp-json\/wp\/v2\/users\/4"}],"replies":[{"embeddable":true,"href":"https:\/\/eldiariodesanpedro.com.ar\/sitio\/wp-json\/wp\/v2\/comments?post=81124"}],"version-history":[{"count":1,"href":"https:\/\/eldiariodesanpedro.com.ar\/sitio\/wp-json\/wp\/v2\/posts\/81124\/revisions"}],"predecessor-version":[{"id":81126,"href":"https:\/\/eldiariodesanpedro.com.ar\/sitio\/wp-json\/wp\/v2\/posts\/81124\/revisions\/81126"}],"wp:featuredmedia":[{"embeddable":true,"href":"https:\/\/eldiariodesanpedro.com.ar\/sitio\/wp-json\/wp\/v2\/media\/81125"}],"wp:attachment":[{"href":"https:\/\/eldiariodesanpedro.com.ar\/sitio\/wp-json\/wp\/v2\/media?parent=81124"}],"wp:term":[{"taxonomy":"category","embeddable":true,"href":"https:\/\/eldiariodesanpedro.com.ar\/sitio\/wp-json\/wp\/v2\/categories?post=81124"},{"taxonomy":"post_tag","embeddable":true,"href":"https:\/\/eldiariodesanpedro.com.ar\/sitio\/wp-json\/wp\/v2\/tags?post=81124"}],"curies":[{"name":"wp","href":"https:\/\/api.w.org\/{rel}","templated":true}]}}