{"id":81119,"date":"2020-09-16T20:30:36","date_gmt":"2020-09-16T23:30:36","guid":{"rendered":"https:\/\/eldiariodesanpedro.com.ar\/sitio\/?p=81119"},"modified":"2020-09-16T20:30:42","modified_gmt":"2020-09-16T23:30:42","slug":"se-recibieron-29-resultados-positivos-y-ya-son-200-activos-con-un-total-de-704-casos","status":"publish","type":"post","link":"https:\/\/eldiariodesanpedro.com.ar\/sitio\/se-recibieron-29-resultados-positivos-y-ya-son-200-activos-con-un-total-de-704-casos\/","title":{"rendered":"Se recibieron 29 resultados positivos y ya son 200 activos con un total de 704 casos"},"content":{"rendered":"<!-- VideographyWP Plugin Message: Automatic video embedding prevented by plugin options. -->\n\n<p>La Secretar\u00eda de Salud de la Municipalidad de San Pedro informa que hasta el momento se suman 29 nuevos casos positivos, informados desde los laboratorios que procesan muestras enviadas desde nuestro distrito.<br>Adem\u00e1s, se notificaron 52 muestras negativas.<br>Hoy no se enviaron nuevas muestras y ni se cargaron nuevas altas.<br>En San Pedro al d\u00eda de la fecha se registran 200 casos activos y est\u00e1n pendientes 17 muestras.<\/p>\n\n\n\n<p><strong>Detalle:<br>Sistema P\u00fablico: 25 casos positivos<\/strong><br>Se recibieron los resultados de 71 muestras enviadas, con 25 positivos y 46 negativos.<br>Los nuevos casos positivos corresponden a mujeres de 18, 22, 26, 29, 30, 42(2), 44, 45(2), 52, 53, 55, 61 y 74 a\u00f1os; y hombres de 18, 20, 26, 34, 39(2), 42, 48, 54 y 64 a\u00f1os.<\/p>\n\n\n\n<p><strong>Sistema Mixto: 2 casos positivos<\/strong><br>Se recibieron siete resultados de los enviados a trav\u00e9s del procedimiento p\u00fablico-privado con 2 casos positivos en una mujer de 38 a\u00f1os y un hombre de 42 a\u00f1os. Adem\u00e1s, se procesaron 5 muestras negativas.<\/p>\n\n\n\n<p><strong>Laboratorios Privados: 2 casos positivos<\/strong><br>En el Laboratorio del Hospital SADIV, fueron recibidas una muestra con resultado negativo y 2 con resultado positivo correspondientes hombres de 34 y 51 a\u00f1os.<\/p>\n\n\n\n<p>Con esta actualizaci\u00f3n el resumen es el siguiente:<\/p>\n\n\n\n<p>RESUMEN<br>Nuevas muestras enviadas p\u00fablico-mixto: 00<br>Muestras Pendientes p\u00fablico-mixto: 17<br>Nuevas muestras negativas p\u00fablico-mixto-privado: 52<br>Nuevos Casos Positivos p\u00fablico-mixto-privado: 29<br>Total de confirmados: 704(*)<br>Total de casos activos: 200<br>Total de casos recuperados: 476<br>Total de casos fallecidos: 28<br>Total de muestras negativas sistema p\u00fablico-mixto-privado: 1068<br>(*) En este informe s\u00f3lo se incluyen los positivos confirmados con hisopado.<\/p>\n\n\n\n<p>&#x1f449; Usar tapabocas.<br>&#x1f449; Mantener la distancia m\u00ednima de 2 metros.<br>&#x1f449; Extremar la higiene de los espacios.<br>&#x1f449; Mantener las manos limpias.<\/p>\n\n\n\n<p>Se recuerda que, ante s\u00edntomas de tos seca, fiebre y dolor de garganta y la probabilidad de haber estado en contacto con enfermos o viajeros llegados desde las zonas transmisi\u00f3n local o comunitaria se puede llamar al 148 o 107.<\/p>\n\n\n\n<figure class=\"wp-block-image size-large\"><img decoding=\"async\" width=\"1024\" height=\"992\" data-attachment-id=\"81120\" data-permalink=\"https:\/\/eldiariodesanpedro.com.ar\/sitio\/se-recibieron-29-resultados-positivos-y-ya-son-200-activos-con-un-total-de-704-casos\/whatsapp-image-2020-09-16-at-20-19-03\/\" data-orig-file=\"https:\/\/eldiariodesanpedro.com.ar\/sitio\/wp-content\/uploads\/2020\/09\/WhatsApp-Image-2020-09-16-at-20.19.03.jpeg\" data-orig-size=\"1280,1240\" data-comments-opened=\"1\" data-image-meta=\"{&quot;aperture&quot;:&quot;0&quot;,&quot;credit&quot;:&quot;&quot;,&quot;camera&quot;:&quot;&quot;,&quot;caption&quot;:&quot;&quot;,&quot;created_timestamp&quot;:&quot;0&quot;,&quot;copyright&quot;:&quot;&quot;,&quot;focal_length&quot;:&quot;0&quot;,&quot;iso&quot;:&quot;0&quot;,&quot;shutter_speed&quot;:&quot;0&quot;,&quot;title&quot;:&quot;&quot;,&quot;orientation&quot;:&quot;0&quot;}\" data-image-title=\"WhatsApp-Image-2020-09-16-at-20.19.03\" data-image-description=\"\" data-image-caption=\"\" data-large-file=\"https:\/\/eldiariodesanpedro.com.ar\/sitio\/wp-content\/uploads\/2020\/09\/WhatsApp-Image-2020-09-16-at-20.19.03-1024x992.jpeg\" data-src=\"https:\/\/eldiariodesanpedro.com.ar\/sitio\/wp-content\/uploads\/2020\/09\/WhatsApp-Image-2020-09-16-at-20.19.03-1024x992.jpeg\" alt=\"\" class=\"wp-image-81120 lazyload\" data-srcset=\"https:\/\/eldiariodesanpedro.com.ar\/sitio\/wp-content\/uploads\/2020\/09\/WhatsApp-Image-2020-09-16-at-20.19.03-1024x992.jpeg 1024w, https:\/\/eldiariodesanpedro.com.ar\/sitio\/wp-content\/uploads\/2020\/09\/WhatsApp-Image-2020-09-16-at-20.19.03-300x291.jpeg 300w, https:\/\/eldiariodesanpedro.com.ar\/sitio\/wp-content\/uploads\/2020\/09\/WhatsApp-Image-2020-09-16-at-20.19.03-768x744.jpeg 768w, https:\/\/eldiariodesanpedro.com.ar\/sitio\/wp-content\/uploads\/2020\/09\/WhatsApp-Image-2020-09-16-at-20.19.03.jpeg 1280w\" data-sizes=\"(max-width: 1024px) 100vw, 1024px\" src=\"data:image\/svg+xml;base64,PHN2ZyB3aWR0aD0iMSIgaGVpZ2h0PSIxIiB4bWxucz0iaHR0cDovL3d3dy53My5vcmcvMjAwMC9zdmciPjwvc3ZnPg==\" style=\"--smush-placeholder-width: 1024px; --smush-placeholder-aspect-ratio: 1024\/992;\" \/><\/figure>\n","protected":false},"excerpt":{"rendered":"<p>La Secretar\u00eda de Salud de la Municipalidad de San Pedro informa que hasta el momento se suman 29 nuevos casos positivos, informados desde los laboratorios que procesan muestras enviadas desde nuestro distrito.Adem\u00e1s, se notificaron 52 muestras negativas.Hoy no se enviaron nuevas muestras y ni se cargaron nuevas altas.En San Pedro al d\u00eda de la fecha [&hellip;]<\/p>\n","protected":false},"author":4,"featured_media":76687,"comment_status":"open","ping_status":"closed","sticky":false,"template":"","format":"standard","meta":{"om_disable_all_campaigns":false,"_jetpack_memberships_contains_paid_content":false,"footnotes":""},"categories":[50,101,2],"tags":[197,808,696,33,19],"class_list":["post-81119","post","type-post","status-publish","format-standard","has-post-thumbnail","hentry","category-destacadas","category-interes-general-locales","category-locales","tag-buenos-aires","tag-coronavirus","tag-interes-general","tag-locales","tag-san-pedro"],"aioseo_notices":[],"gutentor_comment":0,"jetpack_featured_media_url":"https:\/\/eldiariodesanpedro.com.ar\/sitio\/wp-content\/uploads\/2020\/06\/no_93m3mtzxue736qhno_5mao83sn8hiz27acovid.jpg","jetpack_shortlink":"https:\/\/wp.me\/p6RhLt-l6n","jetpack_sharing_enabled":true,"_links":{"self":[{"href":"https:\/\/eldiariodesanpedro.com.ar\/sitio\/wp-json\/wp\/v2\/posts\/81119","targetHints":{"allow":["GET"]}}],"collection":[{"href":"https:\/\/eldiariodesanpedro.com.ar\/sitio\/wp-json\/wp\/v2\/posts"}],"about":[{"href":"https:\/\/eldiariodesanpedro.com.ar\/sitio\/wp-json\/wp\/v2\/types\/post"}],"author":[{"embeddable":true,"href":"https:\/\/eldiariodesanpedro.com.ar\/sitio\/wp-json\/wp\/v2\/users\/4"}],"replies":[{"embeddable":true,"href":"https:\/\/eldiariodesanpedro.com.ar\/sitio\/wp-json\/wp\/v2\/comments?post=81119"}],"version-history":[{"count":1,"href":"https:\/\/eldiariodesanpedro.com.ar\/sitio\/wp-json\/wp\/v2\/posts\/81119\/revisions"}],"predecessor-version":[{"id":81121,"href":"https:\/\/eldiariodesanpedro.com.ar\/sitio\/wp-json\/wp\/v2\/posts\/81119\/revisions\/81121"}],"wp:featuredmedia":[{"embeddable":true,"href":"https:\/\/eldiariodesanpedro.com.ar\/sitio\/wp-json\/wp\/v2\/media\/76687"}],"wp:attachment":[{"href":"https:\/\/eldiariodesanpedro.com.ar\/sitio\/wp-json\/wp\/v2\/media?parent=81119"}],"wp:term":[{"taxonomy":"category","embeddable":true,"href":"https:\/\/eldiariodesanpedro.com.ar\/sitio\/wp-json\/wp\/v2\/categories?post=81119"},{"taxonomy":"post_tag","embeddable":true,"href":"https:\/\/eldiariodesanpedro.com.ar\/sitio\/wp-json\/wp\/v2\/tags?post=81119"}],"curies":[{"name":"wp","href":"https:\/\/api.w.org\/{rel}","templated":true}]}}