{"id":8110,"date":"2016-09-15T19:16:22","date_gmt":"2016-09-15T22:16:22","guid":{"rendered":"https:\/\/eldiariodesanpedro.com.ar\/sitio\/?p=8110"},"modified":"2016-09-15T19:16:22","modified_gmt":"2016-09-15T22:16:22","slug":"liloff-y-cajide-se-reunieron-con-el-subsecretario-de-educacion","status":"publish","type":"post","link":"https:\/\/eldiariodesanpedro.com.ar\/sitio\/liloff-y-cajide-se-reunieron-con-el-subsecretario-de-educacion\/","title":{"rendered":"Liloff y Cajide se reunieron con el subsecretario de Educaci\u00f3n"},"content":{"rendered":"<p><!-- VideographyWP Plugin Message: Automatic video embedding prevented by plugin options. --><br \/>\nEn la ma\u00f1ana del jueves, los consejeros escolares Gustavo Liloff y Fernando Cajide participaron de una reuni\u00f3n de gesti\u00f3n con el subsecretario de Educaci\u00f3n Sergio Siciliano en el marco de algunas obras que est\u00e1n prontas a iniciarse y tambi\u00e9n sobre las proyecciones en el predio donado por Papel Prensa.<br \/>\nEn ese sentido, el presidente del cuerpo, Gustavo Liloff, inform\u00f3: \u201cEn dos semanas empieza la obra de 12.000.000 de pesos de la escuela t\u00e9cnica\u201d. Y agreg\u00f3: \u201cYa se puso en marcha el pedido de servicios para el nuevo Jard\u00edn de Banfield y la firma de la Resoluci\u00f3n de la donaci\u00f3n de los terrenos de Papel Prensa\u201d, donde tambi\u00e9n est\u00e1 planificado que se construya un centro educativo.<br \/>\nEn tanto, tambi\u00e9n se comunicaron precisiones sobre el \u201cnuevo mobiliario que est\u00e1 llegando para la inauguraci\u00f3n de la obra de ampliaci\u00f3n de la EP 27-EES 17\u201d.<\/p>\n<blockquote>\n","protected":false},"excerpt":{"rendered":"<p>En la ma\u00f1ana del jueves, los consejeros escolares Gustavo Liloff y Fernando Cajide participaron de una reuni\u00f3n de gesti\u00f3n con el subsecretario de Educaci\u00f3n Sergio Siciliano en el marco de algunas obras que est\u00e1n prontas a iniciarse y tambi\u00e9n sobre las proyecciones en el predio donado por Papel Prensa. En ese sentido, el presidente del [&hellip;]<\/p>\n","protected":false},"author":4,"featured_media":8111,"comment_status":"open","ping_status":"closed","sticky":false,"template":"","format":"standard","meta":{"om_disable_all_campaigns":false,"_jetpack_memberships_contains_paid_content":false,"footnotes":""},"categories":[50,2,102],"tags":[],"class_list":["post-8110","post","type-post","status-publish","format-standard","has-post-thumbnail","hentry","category-destacadas","category-locales","category-politica-locales"],"aioseo_notices":[],"gutentor_comment":0,"jetpack_featured_media_url":"https:\/\/eldiariodesanpedro.com.ar\/sitio\/wp-content\/uploads\/2016\/09\/consejeros.jpg","jetpack_shortlink":"https:\/\/wp.me\/p6RhLt-26O","jetpack_sharing_enabled":true,"_links":{"self":[{"href":"https:\/\/eldiariodesanpedro.com.ar\/sitio\/wp-json\/wp\/v2\/posts\/8110","targetHints":{"allow":["GET"]}}],"collection":[{"href":"https:\/\/eldiariodesanpedro.com.ar\/sitio\/wp-json\/wp\/v2\/posts"}],"about":[{"href":"https:\/\/eldiariodesanpedro.com.ar\/sitio\/wp-json\/wp\/v2\/types\/post"}],"author":[{"embeddable":true,"href":"https:\/\/eldiariodesanpedro.com.ar\/sitio\/wp-json\/wp\/v2\/users\/4"}],"replies":[{"embeddable":true,"href":"https:\/\/eldiariodesanpedro.com.ar\/sitio\/wp-json\/wp\/v2\/comments?post=8110"}],"version-history":[{"count":1,"href":"https:\/\/eldiariodesanpedro.com.ar\/sitio\/wp-json\/wp\/v2\/posts\/8110\/revisions"}],"predecessor-version":[{"id":8112,"href":"https:\/\/eldiariodesanpedro.com.ar\/sitio\/wp-json\/wp\/v2\/posts\/8110\/revisions\/8112"}],"wp:featuredmedia":[{"embeddable":true,"href":"https:\/\/eldiariodesanpedro.com.ar\/sitio\/wp-json\/wp\/v2\/media\/8111"}],"wp:attachment":[{"href":"https:\/\/eldiariodesanpedro.com.ar\/sitio\/wp-json\/wp\/v2\/media?parent=8110"}],"wp:term":[{"taxonomy":"category","embeddable":true,"href":"https:\/\/eldiariodesanpedro.com.ar\/sitio\/wp-json\/wp\/v2\/categories?post=8110"},{"taxonomy":"post_tag","embeddable":true,"href":"https:\/\/eldiariodesanpedro.com.ar\/sitio\/wp-json\/wp\/v2\/tags?post=8110"}],"curies":[{"name":"wp","href":"https:\/\/api.w.org\/{rel}","templated":true}]}}