{"id":8108,"date":"2016-09-15T19:11:54","date_gmt":"2016-09-15T22:11:54","guid":{"rendered":"https:\/\/eldiariodesanpedro.com.ar\/sitio\/?p=8108"},"modified":"2016-09-15T19:11:54","modified_gmt":"2016-09-15T22:11:54","slug":"la-anses-puede-utilizar-los-fondos-del-fgs-para-los-pagos-de-la-reparacion-historica","status":"publish","type":"post","link":"https:\/\/eldiariodesanpedro.com.ar\/sitio\/la-anses-puede-utilizar-los-fondos-del-fgs-para-los-pagos-de-la-reparacion-historica\/","title":{"rendered":"La ANSES puede utilizar los fondos del FGS para los pagos de la reparaci\u00f3n hist\u00f3rica"},"content":{"rendered":"<p><!-- VideographyWP Plugin Message: Automatic video embedding prevented by plugin options. --><br \/>\nLa ANSES informa que el d\u00eda lunes 12 de septiembre la Justicia concedi\u00f3 al organismo previsional el recurso de apelaci\u00f3n contra la resoluci\u00f3n cautelar, suspendiendo la medida impuesta por el exempleado de la ANSES Miguel \u00c1ngel Fern\u00e1ndez Pastor. Esto implica que el organismo previsional puede volver a utilizar los fondos del FGS para los pagos contemplados en el Programa de Reparaci\u00f3n Hist\u00f3rica para jubilados y pensionados.<br \/>\nCabe destacar que, de todas formas, los $55 millones abonados hasta ahora en este marco, provinieron de recursos del R\u00e9gimen de Sinceramiento Fiscal. Es decir que no se utilizaron ni se eval\u00faa al momento utilizar para los pr\u00f3ximos pagos del mes de octubre, los fondos provenientes del Fondo de Garant\u00eda de Sustentabilidad (FGS).<br \/>\nPor otro lado, con respecto a la recusaci\u00f3n de la ANSES a la medida cautelar impulsada por Fern\u00e1ndez Pastor, la Sala III orden\u00f3 la remisi\u00f3n de dichas actuaciones a la Secretar\u00eda General del fuero a fin de efectuar el correspondiente sorteo de la Sala.<br \/>\nLa Ley N\u00b0 27.260, sancionada el 29 de junio de este a\u00f1o y cuya reglamentaci\u00f3n se llev\u00f3 adelante por medio del Decreto 894\/2016 del 27 de julio de 2016, requiri\u00f3 meses de trabajo operativo conjunto con el Poder Judicial de la Naci\u00f3n para poder hacer efectiva la instrumentaci\u00f3n, cumpliendo con todos los requerimientos expuestos por dicho poder.<br \/>\nLa implementaci\u00f3n del Programa de Reparaci\u00f3n Hist\u00f3rica sigue en marcha en todo el pa\u00eds. En los primeros d\u00edas de septiembre ya se comenzaron a abonar los pagos anticipados, seg\u00fan el calendario de pagos de la ANSES al primer grupo de m\u00e1s de 264 mil jubilados.<\/p>\n","protected":false},"excerpt":{"rendered":"<p>La ANSES informa que el d\u00eda lunes 12 de septiembre la Justicia concedi\u00f3 al organismo previsional el recurso de apelaci\u00f3n contra la resoluci\u00f3n cautelar, suspendiendo la medida impuesta por el exempleado de la ANSES Miguel \u00c1ngel Fern\u00e1ndez Pastor. Esto implica que el organismo previsional puede volver a utilizar los fondos del FGS para los pagos [&hellip;]<\/p>\n","protected":false},"author":4,"featured_media":5359,"comment_status":"open","ping_status":"closed","sticky":false,"template":"","format":"standard","meta":{"om_disable_all_campaigns":false,"_jetpack_memberships_contains_paid_content":false,"footnotes":""},"categories":[101,2],"tags":[],"class_list":["post-8108","post","type-post","status-publish","format-standard","has-post-thumbnail","hentry","category-interes-general-locales","category-locales"],"aioseo_notices":[],"gutentor_comment":0,"jetpack_featured_media_url":"https:\/\/eldiariodesanpedro.com.ar\/sitio\/wp-content\/uploads\/2016\/06\/anses.jpg","jetpack_shortlink":"https:\/\/wp.me\/p6RhLt-26M","jetpack_sharing_enabled":true,"_links":{"self":[{"href":"https:\/\/eldiariodesanpedro.com.ar\/sitio\/wp-json\/wp\/v2\/posts\/8108","targetHints":{"allow":["GET"]}}],"collection":[{"href":"https:\/\/eldiariodesanpedro.com.ar\/sitio\/wp-json\/wp\/v2\/posts"}],"about":[{"href":"https:\/\/eldiariodesanpedro.com.ar\/sitio\/wp-json\/wp\/v2\/types\/post"}],"author":[{"embeddable":true,"href":"https:\/\/eldiariodesanpedro.com.ar\/sitio\/wp-json\/wp\/v2\/users\/4"}],"replies":[{"embeddable":true,"href":"https:\/\/eldiariodesanpedro.com.ar\/sitio\/wp-json\/wp\/v2\/comments?post=8108"}],"version-history":[{"count":1,"href":"https:\/\/eldiariodesanpedro.com.ar\/sitio\/wp-json\/wp\/v2\/posts\/8108\/revisions"}],"predecessor-version":[{"id":8109,"href":"https:\/\/eldiariodesanpedro.com.ar\/sitio\/wp-json\/wp\/v2\/posts\/8108\/revisions\/8109"}],"wp:featuredmedia":[{"embeddable":true,"href":"https:\/\/eldiariodesanpedro.com.ar\/sitio\/wp-json\/wp\/v2\/media\/5359"}],"wp:attachment":[{"href":"https:\/\/eldiariodesanpedro.com.ar\/sitio\/wp-json\/wp\/v2\/media?parent=8108"}],"wp:term":[{"taxonomy":"category","embeddable":true,"href":"https:\/\/eldiariodesanpedro.com.ar\/sitio\/wp-json\/wp\/v2\/categories?post=8108"},{"taxonomy":"post_tag","embeddable":true,"href":"https:\/\/eldiariodesanpedro.com.ar\/sitio\/wp-json\/wp\/v2\/tags?post=8108"}],"curies":[{"name":"wp","href":"https:\/\/api.w.org\/{rel}","templated":true}]}}