{"id":81077,"date":"2020-09-16T12:15:58","date_gmt":"2020-09-16T15:15:58","guid":{"rendered":"https:\/\/eldiariodesanpedro.com.ar\/sitio\/?p=81077"},"modified":"2020-09-16T12:16:02","modified_gmt":"2020-09-16T15:16:02","slug":"baradero-se-quedo-dormido-e-impacto-contra-un-arbol","status":"publish","type":"post","link":"https:\/\/eldiariodesanpedro.com.ar\/sitio\/baradero-se-quedo-dormido-e-impacto-contra-un-arbol\/","title":{"rendered":"BARADERO | Se qued\u00f3 dormido e impact\u00f3 contra un \u00e1rbol"},"content":{"rendered":"<!-- VideographyWP Plugin Message: Automatic video embedding prevented by plugin options. -->\n\n<p>En la madrugada de Mi\u00e9rcoles, espec\u00edficamente a las seis de la ma\u00f1ana, se produjo un accidente en Malabia y Te\u00f3filo Rosel. El hecho involucra a una sola persona que se estaba desplazando a su trabajo y por haberse quedado dormido termina estrell\u00e1ndose contra un \u00e1rbol.<\/p>\n\n\n\n<p><br>El masculino fue trasladado a la cl\u00ednica s\u00edndical por el servicio de emergencias SAME por presentar un peque\u00f1o corte en su cabeza.<\/p>\n\n\n\n<p>Bomberos Voluntarios se hicieron presente en el lugar para verificar la parte el\u00e9ctrica del veh\u00edculo ya que vecinos manifestaban que del mismo sal\u00eda humo.<\/p>\n\n\n\n<p>\u201cEl paciente sufre un traumatismo de cr\u00e1neo sin p\u00e9rdida de conocimiento. En este momento se encuentra en observaci\u00f3n sin complicaciones\u201d, inform\u00f3 Carlos Garrido desde la cl\u00ednica sindical.<\/p>\n\n\n\n<p>Fuente: <strong><a href=\"https:\/\/tulineadirecta.com\/se-quedo-dormido-e-impacto-contra-un-arbol\/\">Tu Linea Directa<\/a><\/strong><\/p>\n","protected":false},"excerpt":{"rendered":"<p>En la madrugada de Mi\u00e9rcoles, espec\u00edficamente a las seis de la ma\u00f1ana, se produjo un accidente en Malabia y Te\u00f3filo Rosel. El hecho involucra a una sola persona que se estaba desplazando a su trabajo y por haberse quedado dormido termina estrell\u00e1ndose contra un \u00e1rbol. El masculino fue trasladado a la cl\u00ednica s\u00edndical por el [&hellip;]<\/p>\n","protected":false},"author":4,"featured_media":81078,"comment_status":"open","ping_status":"closed","sticky":false,"template":"","format":"standard","meta":{"om_disable_all_campaigns":false,"_jetpack_memberships_contains_paid_content":false,"footnotes":""},"categories":[621],"tags":[139,197,681],"class_list":["post-81077","post","type-post","status-publish","format-standard","has-post-thumbnail","hentry","category-regionales","tag-baradero","tag-buenos-aires","tag-regionales"],"aioseo_notices":[],"gutentor_comment":0,"jetpack_featured_media_url":"https:\/\/eldiariodesanpedro.com.ar\/sitio\/wp-content\/uploads\/2020\/09\/accidente-malabia.jpg","jetpack_shortlink":"https:\/\/wp.me\/p6RhLt-l5H","jetpack_sharing_enabled":true,"_links":{"self":[{"href":"https:\/\/eldiariodesanpedro.com.ar\/sitio\/wp-json\/wp\/v2\/posts\/81077","targetHints":{"allow":["GET"]}}],"collection":[{"href":"https:\/\/eldiariodesanpedro.com.ar\/sitio\/wp-json\/wp\/v2\/posts"}],"about":[{"href":"https:\/\/eldiariodesanpedro.com.ar\/sitio\/wp-json\/wp\/v2\/types\/post"}],"author":[{"embeddable":true,"href":"https:\/\/eldiariodesanpedro.com.ar\/sitio\/wp-json\/wp\/v2\/users\/4"}],"replies":[{"embeddable":true,"href":"https:\/\/eldiariodesanpedro.com.ar\/sitio\/wp-json\/wp\/v2\/comments?post=81077"}],"version-history":[{"count":1,"href":"https:\/\/eldiariodesanpedro.com.ar\/sitio\/wp-json\/wp\/v2\/posts\/81077\/revisions"}],"predecessor-version":[{"id":81079,"href":"https:\/\/eldiariodesanpedro.com.ar\/sitio\/wp-json\/wp\/v2\/posts\/81077\/revisions\/81079"}],"wp:featuredmedia":[{"embeddable":true,"href":"https:\/\/eldiariodesanpedro.com.ar\/sitio\/wp-json\/wp\/v2\/media\/81078"}],"wp:attachment":[{"href":"https:\/\/eldiariodesanpedro.com.ar\/sitio\/wp-json\/wp\/v2\/media?parent=81077"}],"wp:term":[{"taxonomy":"category","embeddable":true,"href":"https:\/\/eldiariodesanpedro.com.ar\/sitio\/wp-json\/wp\/v2\/categories?post=81077"},{"taxonomy":"post_tag","embeddable":true,"href":"https:\/\/eldiariodesanpedro.com.ar\/sitio\/wp-json\/wp\/v2\/tags?post=81077"}],"curies":[{"name":"wp","href":"https:\/\/api.w.org\/{rel}","templated":true}]}}